{"id":18021,"date":"2025-05-28T17:50:43","date_gmt":"2025-05-28T15:50:43","guid":{"rendered":"https:\/\/www.cejoanmiro.cat\/editorial-junio-llega-el-moment-dactivarse\/"},"modified":"2025-05-28T17:50:43","modified_gmt":"2025-05-28T15:50:43","slug":"editorial-junio-llega-el-moment-dactivarse","status":"publish","type":"post","link":"https:\/\/www.cejoanmiro.cat\/es\/editorial-junio-llega-el-moment-dactivarse\/","title":{"rendered":"Editorial de junio. Tiempo de activarse"},"content":{"rendered":"<p>Con la llegada del buen tiempo, nuestro club da la bienvenida al mes de junio con una agenda de actividades pensada para disfrutar, desafiarte y hacer comunidad. Iniciamos la temporada de verano con energ\u00eda renovada y con propuestas que combinan entrenamiento de calidad, diversi\u00f3n, tanto en el club como en entornos privilegiados. Es el momento de activar tu potencial.<\/p>\n<p>El <strong>lunes 2<\/strong>, realizaremos un <strong>Taller de t\u00e9cnica de Body Combat<\/strong>, dirigidas por nuestros instructores <strong>Pol Escofet<\/strong> y <strong>David Sarmiento<\/strong>, dos figuras reconocidas en el \u00e1mbito del fitness funcional. Este taller est\u00e1 dise\u00f1ado para mejorar la t\u00e9cnica de golpes, esquivas y coordinaci\u00f3n con un enfoque metodol\u00f3gico que potencia la precisi\u00f3n y el rendimiento f\u00edsico.<\/p>\n<p>El <strong>jueves 5<\/strong>, recuperamos una de las citas m\u00e1s esperadas del a\u00f1o: los <strong>Beach Games en la Playa de la Barceloneta<\/strong>. Una jornada que combina actividad f\u00edsica, juegos de grupo y ambiente festivo en un entorno id\u00edlico. Es la oportunidad perfecta para salir del gimnasio, respirar aire de mar y moverte con libertad.<\/p>\n<p>El <strong>14 de junio<\/strong> llega otro momento clave: el estreno de las <strong>nuevas coreograf\u00edas de Les Mills<\/strong>. Las clases de Body Pump, Body Balance, Attack y compa\u00f1\u00eda se renuevan con m\u00fasicas, movimientos y desaf\u00edos nuevos. Una cita imprescindible para quien disfruta del entrenamiento en grupo con energ\u00eda colectiva.<\/p>\n<p>Y cerramos el mes con una de las actividades estrella: la <strong>Super Triatl\u00f3n Les Mills<\/strong>, el <strong>martes 25 de junio<\/strong>. Una combinaci\u00f3n de tres disciplinas en una sola jornada que pone a prueba resistencia, fuerza y \u200b\u200bcoordinaci\u00f3n. Es algo m\u00e1s que una clase; es un reto, una celebraci\u00f3n de lo que somos capaces de hacer juntos.<\/p>\n<p>Paralelamente, siguen activos nuestros <strong>SUMMER PACKS<\/strong>, programas espec\u00edficos para ponerte a tono de cara al verano. Con un planteamiento integral, estos packs incluyen entrenamientos guiados, seguimiento personalizado y enfoque en objetivos. Ya sea por tonificar, mejorar resistencia o simplemente adquirir h\u00e1bitos m\u00e1s saludables, encontrar\u00e1s una propuesta adaptada a ti.<\/p>\n<p>Este junio, te invitamos a dar un paso adelante. Ya sea en una sesi\u00f3n en la playa, en la sala o siguiendo un programa personalizado, lo importante es que est\u00e9s, que participes, que te muevas. El verano es el escenario y t\u00fa eres el protagonista.<\/p>\n<p>Nos vemos en el club. Nos vemos en movimiento.<\/p>\n","protected":false},"excerpt":{"rendered":"<p>Con la llegada del buen tiempo, nuestro club da la bienvenida al mes de junio con una agenda de actividades pensada para disfrutar, desafiarte y hacer comunidad. Iniciamos la temporada de verano con energ\u00eda renovada y con propuestas que combinan entrenamiento de calidad, diversi\u00f3n, tanto en el club como en entornos privilegiados. Es el momento [&hellip;]<\/p>\n","protected":false},"author":7,"featured_media":17949,"comment_status":"closed","ping_status":"open","sticky":false,"template":"","format":"standard","meta":{"_et_pb_use_builder":"","_et_pb_old_content":"","_et_gb_content_width":"","footnotes":""},"categories":[290],"tags":[],"class_list":["post-18021","post","type-post","status-publish","format-standard","has-post-thumbnail","hentry","category-el-club-es"],"yoast_head":"<!-- This site is optimized with the Yoast SEO plugin v25.2 - https:\/\/yoast.com\/wordpress\/plugins\/seo\/ -->\n<title>Editorial de junio. Tiempo de activarse - CEM Joan Mir\u00f3<\/title>\n<meta name=\"description\" content=\"Este junio, act\u00edvate con los talleres y el summer pack en el club. Entrena, aprende y cu\u00eddate con propuestas motivadoras.\" \/>\n<meta name=\"robots\" content=\"index, follow, max-snippet:-1, max-image-preview:large, max-video-preview:-1\" \/>\n<link rel=\"canonical\" href=\"https:\/\/www.cejoanmiro.cat\/es\/editorial-junio-llega-el-moment-dactivarse\/\" \/>\n<meta property=\"og:locale\" content=\"es_ES\" \/>\n<meta property=\"og:type\" content=\"article\" \/>\n<meta property=\"og:title\" content=\"Editorial de junio. Tiempo de activarse - CEM Joan Mir\u00f3\" \/>\n<meta property=\"og:description\" content=\"Este junio, act\u00edvate con los talleres y el summer pack en el club. Entrena, aprende y cu\u00eddate con propuestas motivadoras.\" \/>\n<meta property=\"og:url\" content=\"https:\/\/www.cejoanmiro.cat\/es\/editorial-junio-llega-el-moment-dactivarse\/\" \/>\n<meta property=\"og:site_name\" content=\"CEM Joan Mir\u00f3\" \/>\n<meta property=\"article:publisher\" content=\"https:\/\/facebook.com\/cejoanmiro\" \/>\n<meta property=\"article:published_time\" content=\"2025-05-28T15:50:43+00:00\" \/>\n<meta property=\"og:image\" content=\"https:\/\/www.cejoanmiro.cat\/wp-content\/uploads\/2025\/05\/juny-editorial.webp\" \/>\n\t<meta property=\"og:image:width\" content=\"800\" \/>\n\t<meta property=\"og:image:height\" content=\"950\" \/>\n\t<meta property=\"og:image:type\" content=\"image\/webp\" \/>\n<meta name=\"author\" content=\"Ramon Sanchez\" \/>\n<meta name=\"twitter:card\" content=\"summary_large_image\" \/>\n<meta name=\"twitter:creator\" content=\"@cejoanmiro\" \/>\n<meta name=\"twitter:site\" content=\"@cejoanmiro\" \/>\n<meta name=\"twitter:label1\" content=\"Escrito por\" \/>\n\t<meta name=\"twitter:data1\" content=\"Ramon Sanchez\" \/>\n\t<meta name=\"twitter:label2\" content=\"Tiempo de lectura\" \/>\n\t<meta name=\"twitter:data2\" content=\"2 minutos\" \/>\n<script type=\"application\/ld+json\" class=\"yoast-schema-graph\">{\"@context\":\"https:\/\/schema.org\",\"@graph\":[{\"@type\":\"Article\",\"@id\":\"https:\/\/www.cejoanmiro.cat\/es\/editorial-junio-llega-el-moment-dactivarse\/#article\",\"isPartOf\":{\"@id\":\"https:\/\/www.cejoanmiro.cat\/es\/editorial-junio-llega-el-moment-dactivarse\/\"},\"author\":{\"name\":\"Ramon Sanchez\",\"@id\":\"https:\/\/www.cejoanmiro.cat\/es\/#\/schema\/person\/74cab1ad502c650231539ce764399ac3\"},\"headline\":\"Editorial de junio. Tiempo de activarse\",\"datePublished\":\"2025-05-28T15:50:43+00:00\",\"mainEntityOfPage\":{\"@id\":\"https:\/\/www.cejoanmiro.cat\/es\/editorial-junio-llega-el-moment-dactivarse\/\"},\"wordCount\":404,\"publisher\":{\"@id\":\"https:\/\/www.cejoanmiro.cat\/es\/#organization\"},\"image\":{\"@id\":\"https:\/\/www.cejoanmiro.cat\/es\/editorial-junio-llega-el-moment-dactivarse\/#primaryimage\"},\"thumbnailUrl\":\"https:\/\/www.cejoanmiro.cat\/wp-content\/uploads\/2025\/05\/juny-editorial.webp\",\"articleSection\":[\"El Club\"],\"inLanguage\":\"es\"},{\"@type\":\"WebPage\",\"@id\":\"https:\/\/www.cejoanmiro.cat\/es\/editorial-junio-llega-el-moment-dactivarse\/\",\"url\":\"https:\/\/www.cejoanmiro.cat\/es\/editorial-junio-llega-el-moment-dactivarse\/\",\"name\":\"Editorial de junio. Tiempo de activarse - CEM Joan Mir\u00f3\",\"isPartOf\":{\"@id\":\"https:\/\/www.cejoanmiro.cat\/es\/#website\"},\"primaryImageOfPage\":{\"@id\":\"https:\/\/www.cejoanmiro.cat\/es\/editorial-junio-llega-el-moment-dactivarse\/#primaryimage\"},\"image\":{\"@id\":\"https:\/\/www.cejoanmiro.cat\/es\/editorial-junio-llega-el-moment-dactivarse\/#primaryimage\"},\"thumbnailUrl\":\"https:\/\/www.cejoanmiro.cat\/wp-content\/uploads\/2025\/05\/juny-editorial.webp\",\"datePublished\":\"2025-05-28T15:50:43+00:00\",\"description\":\"Este junio, act\u00edvate con los talleres y el summer pack en el club. Entrena, aprende y cu\u00eddate con propuestas motivadoras.\",\"breadcrumb\":{\"@id\":\"https:\/\/www.cejoanmiro.cat\/es\/editorial-junio-llega-el-moment-dactivarse\/#breadcrumb\"},\"inLanguage\":\"es\",\"potentialAction\":[{\"@type\":\"ReadAction\",\"target\":[\"https:\/\/www.cejoanmiro.cat\/es\/editorial-junio-llega-el-moment-dactivarse\/\"]}]},{\"@type\":\"ImageObject\",\"inLanguage\":\"es\",\"@id\":\"https:\/\/www.cejoanmiro.cat\/es\/editorial-junio-llega-el-moment-dactivarse\/#primaryimage\",\"url\":\"https:\/\/www.cejoanmiro.cat\/wp-content\/uploads\/2025\/05\/juny-editorial.webp\",\"contentUrl\":\"https:\/\/www.cejoanmiro.cat\/wp-content\/uploads\/2025\/05\/juny-editorial.webp\",\"width\":800,\"height\":950},{\"@type\":\"BreadcrumbList\",\"@id\":\"https:\/\/www.cejoanmiro.cat\/es\/editorial-junio-llega-el-moment-dactivarse\/#breadcrumb\",\"itemListElement\":[{\"@type\":\"ListItem\",\"position\":1,\"name\":\"Inici\",\"item\":\"https:\/\/www.cejoanmiro.cat\/es\/home-3\/\"},{\"@type\":\"ListItem\",\"position\":2,\"name\":\"Editorial de junio. Tiempo de activarse\"}]},{\"@type\":\"WebSite\",\"@id\":\"https:\/\/www.cejoanmiro.cat\/es\/#website\",\"url\":\"https:\/\/www.cejoanmiro.cat\/es\/\",\"name\":\"CEM Joan Mir\u00f3\",\"description\":\"El teu gimn\u00e0s a Barcelona\",\"publisher\":{\"@id\":\"https:\/\/www.cejoanmiro.cat\/es\/#organization\"},\"potentialAction\":[{\"@type\":\"SearchAction\",\"target\":{\"@type\":\"EntryPoint\",\"urlTemplate\":\"https:\/\/www.cejoanmiro.cat\/es\/?s={search_term_string}\"},\"query-input\":{\"@type\":\"PropertyValueSpecification\",\"valueRequired\":true,\"valueName\":\"search_term_string\"}}],\"inLanguage\":\"es\"},{\"@type\":\"Organization\",\"@id\":\"https:\/\/www.cejoanmiro.cat\/es\/#organization\",\"name\":\"CEM Joan Mir\u00f3\",\"url\":\"https:\/\/www.cejoanmiro.cat\/es\/\",\"logo\":{\"@type\":\"ImageObject\",\"inLanguage\":\"es\",\"@id\":\"https:\/\/www.cejoanmiro.cat\/es\/#\/schema\/logo\/image\/\",\"url\":\"https:\/\/www.cejoanmiro.cat\/wp-content\/uploads\/2021\/09\/Icono_cemJoanMiro.png\",\"contentUrl\":\"https:\/\/www.cejoanmiro.cat\/wp-content\/uploads\/2021\/09\/Icono_cemJoanMiro.png\",\"width\":512,\"height\":512,\"caption\":\"CEM Joan Mir\u00f3\"},\"image\":{\"@id\":\"https:\/\/www.cejoanmiro.cat\/es\/#\/schema\/logo\/image\/\"},\"sameAs\":[\"https:\/\/facebook.com\/cejoanmiro\",\"https:\/\/x.com\/cejoanmiro\",\"https:\/\/www.instagram.com\/cemjoanmiro\/\"]},{\"@type\":\"Person\",\"@id\":\"https:\/\/www.cejoanmiro.cat\/es\/#\/schema\/person\/74cab1ad502c650231539ce764399ac3\",\"name\":\"Ramon Sanchez\",\"image\":{\"@type\":\"ImageObject\",\"inLanguage\":\"es\",\"@id\":\"https:\/\/www.cejoanmiro.cat\/es\/#\/schema\/person\/image\/\",\"url\":\"https:\/\/www.cejoanmiro.cat\/wp-content\/litespeed\/avatar\/98b68ae003526c998c0e6556bf127d1e.jpg?ver=1777323608\",\"contentUrl\":\"https:\/\/www.cejoanmiro.cat\/wp-content\/litespeed\/avatar\/98b68ae003526c998c0e6556bf127d1e.jpg?ver=1777323608\",\"caption\":\"Ramon Sanchez\"},\"url\":\"https:\/\/www.cejoanmiro.cat\/es\/author\/ramon\/\"}]}<\/script>\n<!-- \/ Yoast SEO plugin. -->","yoast_head_json":{"title":"Editorial de junio. Tiempo de activarse - CEM Joan Mir\u00f3","description":"Este junio, act\u00edvate con los talleres y el summer pack en el club. Entrena, aprende y cu\u00eddate con propuestas motivadoras.","robots":{"index":"index","follow":"follow","max-snippet":"max-snippet:-1","max-image-preview":"max-image-preview:large","max-video-preview":"max-video-preview:-1"},"canonical":"https:\/\/www.cejoanmiro.cat\/es\/editorial-junio-llega-el-moment-dactivarse\/","og_locale":"es_ES","og_type":"article","og_title":"Editorial de junio. Tiempo de activarse - CEM Joan Mir\u00f3","og_description":"Este junio, act\u00edvate con los talleres y el summer pack en el club. Entrena, aprende y cu\u00eddate con propuestas motivadoras.","og_url":"https:\/\/www.cejoanmiro.cat\/es\/editorial-junio-llega-el-moment-dactivarse\/","og_site_name":"CEM Joan Mir\u00f3","article_publisher":"https:\/\/facebook.com\/cejoanmiro","article_published_time":"2025-05-28T15:50:43+00:00","og_image":[{"width":800,"height":950,"url":"https:\/\/www.cejoanmiro.cat\/wp-content\/uploads\/2025\/05\/juny-editorial.webp","type":"image\/webp"}],"author":"Ramon Sanchez","twitter_card":"summary_large_image","twitter_creator":"@cejoanmiro","twitter_site":"@cejoanmiro","twitter_misc":{"Escrito por":"Ramon Sanchez","Tiempo de lectura":"2 minutos"},"schema":{"@context":"https:\/\/schema.org","@graph":[{"@type":"Article","@id":"https:\/\/www.cejoanmiro.cat\/es\/editorial-junio-llega-el-moment-dactivarse\/#article","isPartOf":{"@id":"https:\/\/www.cejoanmiro.cat\/es\/editorial-junio-llega-el-moment-dactivarse\/"},"author":{"name":"Ramon Sanchez","@id":"https:\/\/www.cejoanmiro.cat\/es\/#\/schema\/person\/74cab1ad502c650231539ce764399ac3"},"headline":"Editorial de junio. Tiempo de activarse","datePublished":"2025-05-28T15:50:43+00:00","mainEntityOfPage":{"@id":"https:\/\/www.cejoanmiro.cat\/es\/editorial-junio-llega-el-moment-dactivarse\/"},"wordCount":404,"publisher":{"@id":"https:\/\/www.cejoanmiro.cat\/es\/#organization"},"image":{"@id":"https:\/\/www.cejoanmiro.cat\/es\/editorial-junio-llega-el-moment-dactivarse\/#primaryimage"},"thumbnailUrl":"https:\/\/www.cejoanmiro.cat\/wp-content\/uploads\/2025\/05\/juny-editorial.webp","articleSection":["El Club"],"inLanguage":"es"},{"@type":"WebPage","@id":"https:\/\/www.cejoanmiro.cat\/es\/editorial-junio-llega-el-moment-dactivarse\/","url":"https:\/\/www.cejoanmiro.cat\/es\/editorial-junio-llega-el-moment-dactivarse\/","name":"Editorial de junio. Tiempo de activarse - CEM Joan Mir\u00f3","isPartOf":{"@id":"https:\/\/www.cejoanmiro.cat\/es\/#website"},"primaryImageOfPage":{"@id":"https:\/\/www.cejoanmiro.cat\/es\/editorial-junio-llega-el-moment-dactivarse\/#primaryimage"},"image":{"@id":"https:\/\/www.cejoanmiro.cat\/es\/editorial-junio-llega-el-moment-dactivarse\/#primaryimage"},"thumbnailUrl":"https:\/\/www.cejoanmiro.cat\/wp-content\/uploads\/2025\/05\/juny-editorial.webp","datePublished":"2025-05-28T15:50:43+00:00","description":"Este junio, act\u00edvate con los talleres y el summer pack en el club. Entrena, aprende y cu\u00eddate con propuestas motivadoras.","breadcrumb":{"@id":"https:\/\/www.cejoanmiro.cat\/es\/editorial-junio-llega-el-moment-dactivarse\/#breadcrumb"},"inLanguage":"es","potentialAction":[{"@type":"ReadAction","target":["https:\/\/www.cejoanmiro.cat\/es\/editorial-junio-llega-el-moment-dactivarse\/"]}]},{"@type":"ImageObject","inLanguage":"es","@id":"https:\/\/www.cejoanmiro.cat\/es\/editorial-junio-llega-el-moment-dactivarse\/#primaryimage","url":"https:\/\/www.cejoanmiro.cat\/wp-content\/uploads\/2025\/05\/juny-editorial.webp","contentUrl":"https:\/\/www.cejoanmiro.cat\/wp-content\/uploads\/2025\/05\/juny-editorial.webp","width":800,"height":950},{"@type":"BreadcrumbList","@id":"https:\/\/www.cejoanmiro.cat\/es\/editorial-junio-llega-el-moment-dactivarse\/#breadcrumb","itemListElement":[{"@type":"ListItem","position":1,"name":"Inici","item":"https:\/\/www.cejoanmiro.cat\/es\/home-3\/"},{"@type":"ListItem","position":2,"name":"Editorial de junio. Tiempo de activarse"}]},{"@type":"WebSite","@id":"https:\/\/www.cejoanmiro.cat\/es\/#website","url":"https:\/\/www.cejoanmiro.cat\/es\/","name":"CEM Joan Mir\u00f3","description":"El teu gimn\u00e0s a Barcelona","publisher":{"@id":"https:\/\/www.cejoanmiro.cat\/es\/#organization"},"potentialAction":[{"@type":"SearchAction","target":{"@type":"EntryPoint","urlTemplate":"https:\/\/www.cejoanmiro.cat\/es\/?s={search_term_string}"},"query-input":{"@type":"PropertyValueSpecification","valueRequired":true,"valueName":"search_term_string"}}],"inLanguage":"es"},{"@type":"Organization","@id":"https:\/\/www.cejoanmiro.cat\/es\/#organization","name":"CEM Joan Mir\u00f3","url":"https:\/\/www.cejoanmiro.cat\/es\/","logo":{"@type":"ImageObject","inLanguage":"es","@id":"https:\/\/www.cejoanmiro.cat\/es\/#\/schema\/logo\/image\/","url":"https:\/\/www.cejoanmiro.cat\/wp-content\/uploads\/2021\/09\/Icono_cemJoanMiro.png","contentUrl":"https:\/\/www.cejoanmiro.cat\/wp-content\/uploads\/2021\/09\/Icono_cemJoanMiro.png","width":512,"height":512,"caption":"CEM Joan Mir\u00f3"},"image":{"@id":"https:\/\/www.cejoanmiro.cat\/es\/#\/schema\/logo\/image\/"},"sameAs":["https:\/\/facebook.com\/cejoanmiro","https:\/\/x.com\/cejoanmiro","https:\/\/www.instagram.com\/cemjoanmiro\/"]},{"@type":"Person","@id":"https:\/\/www.cejoanmiro.cat\/es\/#\/schema\/person\/74cab1ad502c650231539ce764399ac3","name":"Ramon Sanchez","image":{"@type":"ImageObject","inLanguage":"es","@id":"https:\/\/www.cejoanmiro.cat\/es\/#\/schema\/person\/image\/","url":"https:\/\/www.cejoanmiro.cat\/wp-content\/litespeed\/avatar\/98b68ae003526c998c0e6556bf127d1e.jpg?ver=1777323608","contentUrl":"https:\/\/www.cejoanmiro.cat\/wp-content\/litespeed\/avatar\/98b68ae003526c998c0e6556bf127d1e.jpg?ver=1777323608","caption":"Ramon Sanchez"},"url":"https:\/\/www.cejoanmiro.cat\/es\/author\/ramon\/"}]}},"_links":{"self":[{"href":"https:\/\/www.cejoanmiro.cat\/es\/wp-json\/wp\/v2\/posts\/18021","targetHints":{"allow":["GET"]}}],"collection":[{"href":"https:\/\/www.cejoanmiro.cat\/es\/wp-json\/wp\/v2\/posts"}],"about":[{"href":"https:\/\/www.cejoanmiro.cat\/es\/wp-json\/wp\/v2\/types\/post"}],"author":[{"embeddable":true,"href":"https:\/\/www.cejoanmiro.cat\/es\/wp-json\/wp\/v2\/users\/7"}],"replies":[{"embeddable":true,"href":"https:\/\/www.cejoanmiro.cat\/es\/wp-json\/wp\/v2\/comments?post=18021"}],"version-history":[{"count":0,"href":"https:\/\/www.cejoanmiro.cat\/es\/wp-json\/wp\/v2\/posts\/18021\/revisions"}],"wp:featuredmedia":[{"embeddable":true,"href":"https:\/\/www.cejoanmiro.cat\/es\/wp-json\/wp\/v2\/media\/17949"}],"wp:attachment":[{"href":"https:\/\/www.cejoanmiro.cat\/es\/wp-json\/wp\/v2\/media?parent=18021"}],"wp:term":[{"taxonomy":"category","embeddable":true,"href":"https:\/\/www.cejoanmiro.cat\/es\/wp-json\/wp\/v2\/categories?post=18021"},{"taxonomy":"post_tag","embeddable":true,"href":"https:\/\/www.cejoanmiro.cat\/es\/wp-json\/wp\/v2\/tags?post=18021"}],"curies":[{"name":"wp","href":"https:\/\/api.w.org\/{rel}","templated":true}]}}