{"id":18383,"date":"2025-07-01T00:01:21","date_gmt":"2025-06-30T22:01:21","guid":{"rendered":"https:\/\/www.cejoanmiro.cat\/?p=18383"},"modified":"2025-07-01T00:01:21","modified_gmt":"2025-06-30T22:01:21","slug":"nadar-desde-la-cuna-primeros-pasos-hacia-una-vida-activa","status":"publish","type":"post","link":"https:\/\/www.cejoanmiro.cat\/es\/nadar-desde-la-cuna-primeros-pasos-hacia-una-vida-activa\/","title":{"rendered":"Nadar desde la cuna: primeros pasos hacia una vida activa"},"content":{"rendered":"<h2>Comenzar a nadar antes que a caminar: la magia del agua<\/h2>\n<p>Hay experiencias que dejan huella desde el primer instante. La nataci\u00f3n para beb\u00e9s es una de ellas. Desde los 4 meses de vida, el agua se convierte en un entorno de descubrimiento y conexi\u00f3n. Una oportunidad \u00fanica para explorar el movimiento, el v\u00ednculo afectivo y el desarrollo sensorial desde un enfoque l\u00fadico y respetuoso.  <\/p>\n<p>Sumergirse en el medio acu\u00e1tico es una forma de crecer. En las sesiones para beb\u00e9s, cada chapoteo, cada burbuja, es un est\u00edmulo que despierta habilidades motrices, fortalece la musculatura y promueve una coordinaci\u00f3n que luego se traslada a otras etapas del desarrollo. Y lo m\u00e1s importante: todo sucede en compa\u00f1\u00eda de un adulto, generando una conexi\u00f3n emocional profunda que fortalece el apego y la confianza.  <\/p>\n<p>A partir de los 3 a\u00f1os, la nataci\u00f3n infantil abre nuevas puertas. Es un proceso de superaci\u00f3n progresiva: aprender a flotar, respirar, desplazarse, y poco a poco, dominar estilos como el crawl o la espalda. Pero m\u00e1s all\u00e1 de lo t\u00e9cnico, nadar ense\u00f1a valores: la constancia, el trabajo en equipo, la capacidad de escuchar y de superarse.   <\/p>\n<p>En el agua, los ni\u00f1os encuentran un espacio libre de tensiones, donde el cuerpo se mueve sin impacto y la mente se relaja. Es un entorno ideal para desarrollar la autoestima, la seguridad personal y el bienestar integral.   <\/p>\n<p>Empezar a nadar desde la infancia no es solo aprender una habilidad \u00fatil. Es sembrar h\u00e1bitos saludables que pueden perdurar toda la vida. Es fomentar la autonom\u00eda, fortalecer la salud y cultivar una actitud activa ante la vida. En tiempos donde el sedentarismo amenaza la infancia, el agua se convierte en un aliado perfecto para construir una generaci\u00f3n m\u00e1s sana, feliz y vital.   <\/p>\n<a href='https:\/\/www.cejoanmiro.cat\/cursos\/#nataci\u00f3n' class='small-button smallsilver'>Cursos Nataci\u00f3n<\/a>\n","protected":false},"excerpt":{"rendered":"<p>Comenzar a nadar antes que a caminar: la magia del agua Hay experiencias que dejan huella desde el primer instante. La nataci\u00f3n para beb\u00e9s es una de ellas. Desde los 4 meses de vida, el agua se convierte en un entorno de descubrimiento y conexi\u00f3n. Una oportunidad \u00fanica para explorar el movimiento, el v\u00ednculo afectivo [&hellip;]<\/p>\n","protected":false},"author":7,"featured_media":18364,"comment_status":"closed","ping_status":"open","sticky":false,"template":"","format":"standard","meta":{"_et_pb_use_builder":"","_et_pb_old_content":"","_et_gb_content_width":"","footnotes":""},"categories":[290],"tags":[333,336,338,332,339,335,331,330,337,334],"class_list":["post-18383","post","type-post","status-publish","format-standard","has-post-thumbnail","hentry","category-el-club-es","tag-actividades-acuaticas","tag-aprender-a-nadar","tag-benestar-infantil-es","tag-desarrollo-motriz","tag-habitos-saludables","tag-longevidad-activa","tag-natacion-infantil","tag-natacion-para-bebes","tag-psicomotricitat-es","tag-salud-infantil"],"yoast_head":"<!-- This site is optimized with the Yoast SEO plugin v25.2 - https:\/\/yoast.com\/wordpress\/plugins\/seo\/ -->\n<title>Nadar desde la cuna: primeros pasos hacia una vida activa - CEM Joan Mir\u00f3<\/title>\n<meta name=\"description\" content=\"Descubre c\u00f3mo la nataci\u00f3n desde beb\u00e9s hasta la adolescencia potencia el desarrollo motriz, emocional y social de los ni\u00f1os.\" \/>\n<meta name=\"robots\" content=\"index, follow, max-snippet:-1, max-image-preview:large, max-video-preview:-1\" \/>\n<link rel=\"canonical\" href=\"https:\/\/www.cejoanmiro.cat\/es\/nadar-desde-la-cuna-primeros-pasos-hacia-una-vida-activa\/\" \/>\n<meta property=\"og:locale\" content=\"es_ES\" \/>\n<meta property=\"og:type\" content=\"article\" \/>\n<meta property=\"og:title\" content=\"Nadar desde la cuna: primeros pasos hacia una vida activa - CEM Joan Mir\u00f3\" \/>\n<meta property=\"og:description\" content=\"Descubre c\u00f3mo la nataci\u00f3n desde beb\u00e9s hasta la adolescencia potencia el desarrollo motriz, emocional y social de los ni\u00f1os.\" \/>\n<meta property=\"og:url\" content=\"https:\/\/www.cejoanmiro.cat\/es\/nadar-desde-la-cuna-primeros-pasos-hacia-una-vida-activa\/\" \/>\n<meta property=\"og:site_name\" content=\"CEM Joan Mir\u00f3\" \/>\n<meta property=\"article:publisher\" content=\"https:\/\/facebook.com\/cejoanmiro\" \/>\n<meta property=\"article:published_time\" content=\"2025-06-30T22:01:21+00:00\" \/>\n<meta property=\"og:image\" content=\"https:\/\/www.cejoanmiro.cat\/wp-content\/uploads\/2025\/06\/natacio-nadons.webp\" \/>\n\t<meta property=\"og:image:width\" content=\"800\" \/>\n\t<meta property=\"og:image:height\" content=\"950\" \/>\n\t<meta property=\"og:image:type\" content=\"image\/webp\" \/>\n<meta name=\"author\" content=\"Ramon Sanchez\" \/>\n<meta name=\"twitter:card\" content=\"summary_large_image\" \/>\n<meta name=\"twitter:creator\" content=\"@cejoanmiro\" \/>\n<meta name=\"twitter:site\" content=\"@cejoanmiro\" \/>\n<meta name=\"twitter:label1\" content=\"Escrito por\" \/>\n\t<meta name=\"twitter:data1\" content=\"Ramon Sanchez\" \/>\n\t<meta name=\"twitter:label2\" content=\"Tiempo de lectura\" \/>\n\t<meta name=\"twitter:data2\" content=\"2 minutos\" \/>\n<script type=\"application\/ld+json\" class=\"yoast-schema-graph\">{\"@context\":\"https:\/\/schema.org\",\"@graph\":[{\"@type\":\"Article\",\"@id\":\"https:\/\/www.cejoanmiro.cat\/es\/nadar-desde-la-cuna-primeros-pasos-hacia-una-vida-activa\/#article\",\"isPartOf\":{\"@id\":\"https:\/\/www.cejoanmiro.cat\/es\/nadar-desde-la-cuna-primeros-pasos-hacia-una-vida-activa\/\"},\"author\":{\"name\":\"Ramon Sanchez\",\"@id\":\"https:\/\/www.cejoanmiro.cat\/es\/#\/schema\/person\/74cab1ad502c650231539ce764399ac3\"},\"headline\":\"Nadar desde la cuna: primeros pasos hacia una vida activa\",\"datePublished\":\"2025-06-30T22:01:21+00:00\",\"mainEntityOfPage\":{\"@id\":\"https:\/\/www.cejoanmiro.cat\/es\/nadar-desde-la-cuna-primeros-pasos-hacia-una-vida-activa\/\"},\"wordCount\":334,\"publisher\":{\"@id\":\"https:\/\/www.cejoanmiro.cat\/es\/#organization\"},\"image\":{\"@id\":\"https:\/\/www.cejoanmiro.cat\/es\/nadar-desde-la-cuna-primeros-pasos-hacia-una-vida-activa\/#primaryimage\"},\"thumbnailUrl\":\"https:\/\/www.cejoanmiro.cat\/wp-content\/uploads\/2025\/06\/natacio-nadons.webp\",\"keywords\":[\"actividades acu\u00e1ticas\",\"aprender a nadar\",\"benestar infantil\",\"desarrollo motriz\",\"h\u00e1bitos saludables\",\"longevidad activa\",\"nataci\u00f3n infantil\",\"nataci\u00f3n para beb\u00e9s\",\"psicomotricitat\",\"salud infantil\"],\"articleSection\":[\"El Club\"],\"inLanguage\":\"es\"},{\"@type\":\"WebPage\",\"@id\":\"https:\/\/www.cejoanmiro.cat\/es\/nadar-desde-la-cuna-primeros-pasos-hacia-una-vida-activa\/\",\"url\":\"https:\/\/www.cejoanmiro.cat\/es\/nadar-desde-la-cuna-primeros-pasos-hacia-una-vida-activa\/\",\"name\":\"Nadar desde la cuna: primeros pasos hacia una vida activa - CEM Joan Mir\u00f3\",\"isPartOf\":{\"@id\":\"https:\/\/www.cejoanmiro.cat\/es\/#website\"},\"primaryImageOfPage\":{\"@id\":\"https:\/\/www.cejoanmiro.cat\/es\/nadar-desde-la-cuna-primeros-pasos-hacia-una-vida-activa\/#primaryimage\"},\"image\":{\"@id\":\"https:\/\/www.cejoanmiro.cat\/es\/nadar-desde-la-cuna-primeros-pasos-hacia-una-vida-activa\/#primaryimage\"},\"thumbnailUrl\":\"https:\/\/www.cejoanmiro.cat\/wp-content\/uploads\/2025\/06\/natacio-nadons.webp\",\"datePublished\":\"2025-06-30T22:01:21+00:00\",\"description\":\"Descubre c\u00f3mo la nataci\u00f3n desde beb\u00e9s hasta la adolescencia potencia el desarrollo motriz, emocional y social de los ni\u00f1os.\",\"breadcrumb\":{\"@id\":\"https:\/\/www.cejoanmiro.cat\/es\/nadar-desde-la-cuna-primeros-pasos-hacia-una-vida-activa\/#breadcrumb\"},\"inLanguage\":\"es\",\"potentialAction\":[{\"@type\":\"ReadAction\",\"target\":[\"https:\/\/www.cejoanmiro.cat\/es\/nadar-desde-la-cuna-primeros-pasos-hacia-una-vida-activa\/\"]}]},{\"@type\":\"ImageObject\",\"inLanguage\":\"es\",\"@id\":\"https:\/\/www.cejoanmiro.cat\/es\/nadar-desde-la-cuna-primeros-pasos-hacia-una-vida-activa\/#primaryimage\",\"url\":\"https:\/\/www.cejoanmiro.cat\/wp-content\/uploads\/2025\/06\/natacio-nadons.webp\",\"contentUrl\":\"https:\/\/www.cejoanmiro.cat\/wp-content\/uploads\/2025\/06\/natacio-nadons.webp\",\"width\":800,\"height\":950,\"caption\":\"Nataci\u00f3n beb\u00e9s, hijo y madre en la piscina\"},{\"@type\":\"BreadcrumbList\",\"@id\":\"https:\/\/www.cejoanmiro.cat\/es\/nadar-desde-la-cuna-primeros-pasos-hacia-una-vida-activa\/#breadcrumb\",\"itemListElement\":[{\"@type\":\"ListItem\",\"position\":1,\"name\":\"Inici\",\"item\":\"https:\/\/www.cejoanmiro.cat\/es\/home-3\/\"},{\"@type\":\"ListItem\",\"position\":2,\"name\":\"Nadar desde la cuna: primeros pasos hacia una vida activa\"}]},{\"@type\":\"WebSite\",\"@id\":\"https:\/\/www.cejoanmiro.cat\/es\/#website\",\"url\":\"https:\/\/www.cejoanmiro.cat\/es\/\",\"name\":\"CEM Joan Mir\u00f3\",\"description\":\"El teu gimn\u00e0s a Barcelona\",\"publisher\":{\"@id\":\"https:\/\/www.cejoanmiro.cat\/es\/#organization\"},\"potentialAction\":[{\"@type\":\"SearchAction\",\"target\":{\"@type\":\"EntryPoint\",\"urlTemplate\":\"https:\/\/www.cejoanmiro.cat\/es\/?s={search_term_string}\"},\"query-input\":{\"@type\":\"PropertyValueSpecification\",\"valueRequired\":true,\"valueName\":\"search_term_string\"}}],\"inLanguage\":\"es\"},{\"@type\":\"Organization\",\"@id\":\"https:\/\/www.cejoanmiro.cat\/es\/#organization\",\"name\":\"CEM Joan Mir\u00f3\",\"url\":\"https:\/\/www.cejoanmiro.cat\/es\/\",\"logo\":{\"@type\":\"ImageObject\",\"inLanguage\":\"es\",\"@id\":\"https:\/\/www.cejoanmiro.cat\/es\/#\/schema\/logo\/image\/\",\"url\":\"https:\/\/www.cejoanmiro.cat\/wp-content\/uploads\/2021\/09\/Icono_cemJoanMiro.png\",\"contentUrl\":\"https:\/\/www.cejoanmiro.cat\/wp-content\/uploads\/2021\/09\/Icono_cemJoanMiro.png\",\"width\":512,\"height\":512,\"caption\":\"CEM Joan Mir\u00f3\"},\"image\":{\"@id\":\"https:\/\/www.cejoanmiro.cat\/es\/#\/schema\/logo\/image\/\"},\"sameAs\":[\"https:\/\/facebook.com\/cejoanmiro\",\"https:\/\/x.com\/cejoanmiro\",\"https:\/\/www.instagram.com\/cemjoanmiro\/\"]},{\"@type\":\"Person\",\"@id\":\"https:\/\/www.cejoanmiro.cat\/es\/#\/schema\/person\/74cab1ad502c650231539ce764399ac3\",\"name\":\"Ramon Sanchez\",\"image\":{\"@type\":\"ImageObject\",\"inLanguage\":\"es\",\"@id\":\"https:\/\/www.cejoanmiro.cat\/es\/#\/schema\/person\/image\/\",\"url\":\"https:\/\/www.cejoanmiro.cat\/wp-content\/litespeed\/avatar\/98b68ae003526c998c0e6556bf127d1e.jpg?ver=1777323608\",\"contentUrl\":\"https:\/\/www.cejoanmiro.cat\/wp-content\/litespeed\/avatar\/98b68ae003526c998c0e6556bf127d1e.jpg?ver=1777323608\",\"caption\":\"Ramon Sanchez\"},\"url\":\"https:\/\/www.cejoanmiro.cat\/es\/author\/ramon\/\"}]}<\/script>\n<!-- \/ Yoast SEO plugin. -->","yoast_head_json":{"title":"Nadar desde la cuna: primeros pasos hacia una vida activa - CEM Joan Mir\u00f3","description":"Descubre c\u00f3mo la nataci\u00f3n desde beb\u00e9s hasta la adolescencia potencia el desarrollo motriz, emocional y social de los ni\u00f1os.","robots":{"index":"index","follow":"follow","max-snippet":"max-snippet:-1","max-image-preview":"max-image-preview:large","max-video-preview":"max-video-preview:-1"},"canonical":"https:\/\/www.cejoanmiro.cat\/es\/nadar-desde-la-cuna-primeros-pasos-hacia-una-vida-activa\/","og_locale":"es_ES","og_type":"article","og_title":"Nadar desde la cuna: primeros pasos hacia una vida activa - CEM Joan Mir\u00f3","og_description":"Descubre c\u00f3mo la nataci\u00f3n desde beb\u00e9s hasta la adolescencia potencia el desarrollo motriz, emocional y social de los ni\u00f1os.","og_url":"https:\/\/www.cejoanmiro.cat\/es\/nadar-desde-la-cuna-primeros-pasos-hacia-una-vida-activa\/","og_site_name":"CEM Joan Mir\u00f3","article_publisher":"https:\/\/facebook.com\/cejoanmiro","article_published_time":"2025-06-30T22:01:21+00:00","og_image":[{"width":800,"height":950,"url":"https:\/\/www.cejoanmiro.cat\/wp-content\/uploads\/2025\/06\/natacio-nadons.webp","type":"image\/webp"}],"author":"Ramon Sanchez","twitter_card":"summary_large_image","twitter_creator":"@cejoanmiro","twitter_site":"@cejoanmiro","twitter_misc":{"Escrito por":"Ramon Sanchez","Tiempo de lectura":"2 minutos"},"schema":{"@context":"https:\/\/schema.org","@graph":[{"@type":"Article","@id":"https:\/\/www.cejoanmiro.cat\/es\/nadar-desde-la-cuna-primeros-pasos-hacia-una-vida-activa\/#article","isPartOf":{"@id":"https:\/\/www.cejoanmiro.cat\/es\/nadar-desde-la-cuna-primeros-pasos-hacia-una-vida-activa\/"},"author":{"name":"Ramon Sanchez","@id":"https:\/\/www.cejoanmiro.cat\/es\/#\/schema\/person\/74cab1ad502c650231539ce764399ac3"},"headline":"Nadar desde la cuna: primeros pasos hacia una vida activa","datePublished":"2025-06-30T22:01:21+00:00","mainEntityOfPage":{"@id":"https:\/\/www.cejoanmiro.cat\/es\/nadar-desde-la-cuna-primeros-pasos-hacia-una-vida-activa\/"},"wordCount":334,"publisher":{"@id":"https:\/\/www.cejoanmiro.cat\/es\/#organization"},"image":{"@id":"https:\/\/www.cejoanmiro.cat\/es\/nadar-desde-la-cuna-primeros-pasos-hacia-una-vida-activa\/#primaryimage"},"thumbnailUrl":"https:\/\/www.cejoanmiro.cat\/wp-content\/uploads\/2025\/06\/natacio-nadons.webp","keywords":["actividades acu\u00e1ticas","aprender a nadar","benestar infantil","desarrollo motriz","h\u00e1bitos saludables","longevidad activa","nataci\u00f3n infantil","nataci\u00f3n para beb\u00e9s","psicomotricitat","salud infantil"],"articleSection":["El Club"],"inLanguage":"es"},{"@type":"WebPage","@id":"https:\/\/www.cejoanmiro.cat\/es\/nadar-desde-la-cuna-primeros-pasos-hacia-una-vida-activa\/","url":"https:\/\/www.cejoanmiro.cat\/es\/nadar-desde-la-cuna-primeros-pasos-hacia-una-vida-activa\/","name":"Nadar desde la cuna: primeros pasos hacia una vida activa - CEM Joan Mir\u00f3","isPartOf":{"@id":"https:\/\/www.cejoanmiro.cat\/es\/#website"},"primaryImageOfPage":{"@id":"https:\/\/www.cejoanmiro.cat\/es\/nadar-desde-la-cuna-primeros-pasos-hacia-una-vida-activa\/#primaryimage"},"image":{"@id":"https:\/\/www.cejoanmiro.cat\/es\/nadar-desde-la-cuna-primeros-pasos-hacia-una-vida-activa\/#primaryimage"},"thumbnailUrl":"https:\/\/www.cejoanmiro.cat\/wp-content\/uploads\/2025\/06\/natacio-nadons.webp","datePublished":"2025-06-30T22:01:21+00:00","description":"Descubre c\u00f3mo la nataci\u00f3n desde beb\u00e9s hasta la adolescencia potencia el desarrollo motriz, emocional y social de los ni\u00f1os.","breadcrumb":{"@id":"https:\/\/www.cejoanmiro.cat\/es\/nadar-desde-la-cuna-primeros-pasos-hacia-una-vida-activa\/#breadcrumb"},"inLanguage":"es","potentialAction":[{"@type":"ReadAction","target":["https:\/\/www.cejoanmiro.cat\/es\/nadar-desde-la-cuna-primeros-pasos-hacia-una-vida-activa\/"]}]},{"@type":"ImageObject","inLanguage":"es","@id":"https:\/\/www.cejoanmiro.cat\/es\/nadar-desde-la-cuna-primeros-pasos-hacia-una-vida-activa\/#primaryimage","url":"https:\/\/www.cejoanmiro.cat\/wp-content\/uploads\/2025\/06\/natacio-nadons.webp","contentUrl":"https:\/\/www.cejoanmiro.cat\/wp-content\/uploads\/2025\/06\/natacio-nadons.webp","width":800,"height":950,"caption":"Nataci\u00f3n beb\u00e9s, hijo y madre en la piscina"},{"@type":"BreadcrumbList","@id":"https:\/\/www.cejoanmiro.cat\/es\/nadar-desde-la-cuna-primeros-pasos-hacia-una-vida-activa\/#breadcrumb","itemListElement":[{"@type":"ListItem","position":1,"name":"Inici","item":"https:\/\/www.cejoanmiro.cat\/es\/home-3\/"},{"@type":"ListItem","position":2,"name":"Nadar desde la cuna: primeros pasos hacia una vida activa"}]},{"@type":"WebSite","@id":"https:\/\/www.cejoanmiro.cat\/es\/#website","url":"https:\/\/www.cejoanmiro.cat\/es\/","name":"CEM Joan Mir\u00f3","description":"El teu gimn\u00e0s a Barcelona","publisher":{"@id":"https:\/\/www.cejoanmiro.cat\/es\/#organization"},"potentialAction":[{"@type":"SearchAction","target":{"@type":"EntryPoint","urlTemplate":"https:\/\/www.cejoanmiro.cat\/es\/?s={search_term_string}"},"query-input":{"@type":"PropertyValueSpecification","valueRequired":true,"valueName":"search_term_string"}}],"inLanguage":"es"},{"@type":"Organization","@id":"https:\/\/www.cejoanmiro.cat\/es\/#organization","name":"CEM Joan Mir\u00f3","url":"https:\/\/www.cejoanmiro.cat\/es\/","logo":{"@type":"ImageObject","inLanguage":"es","@id":"https:\/\/www.cejoanmiro.cat\/es\/#\/schema\/logo\/image\/","url":"https:\/\/www.cejoanmiro.cat\/wp-content\/uploads\/2021\/09\/Icono_cemJoanMiro.png","contentUrl":"https:\/\/www.cejoanmiro.cat\/wp-content\/uploads\/2021\/09\/Icono_cemJoanMiro.png","width":512,"height":512,"caption":"CEM Joan Mir\u00f3"},"image":{"@id":"https:\/\/www.cejoanmiro.cat\/es\/#\/schema\/logo\/image\/"},"sameAs":["https:\/\/facebook.com\/cejoanmiro","https:\/\/x.com\/cejoanmiro","https:\/\/www.instagram.com\/cemjoanmiro\/"]},{"@type":"Person","@id":"https:\/\/www.cejoanmiro.cat\/es\/#\/schema\/person\/74cab1ad502c650231539ce764399ac3","name":"Ramon Sanchez","image":{"@type":"ImageObject","inLanguage":"es","@id":"https:\/\/www.cejoanmiro.cat\/es\/#\/schema\/person\/image\/","url":"https:\/\/www.cejoanmiro.cat\/wp-content\/litespeed\/avatar\/98b68ae003526c998c0e6556bf127d1e.jpg?ver=1777323608","contentUrl":"https:\/\/www.cejoanmiro.cat\/wp-content\/litespeed\/avatar\/98b68ae003526c998c0e6556bf127d1e.jpg?ver=1777323608","caption":"Ramon Sanchez"},"url":"https:\/\/www.cejoanmiro.cat\/es\/author\/ramon\/"}]}},"_links":{"self":[{"href":"https:\/\/www.cejoanmiro.cat\/es\/wp-json\/wp\/v2\/posts\/18383","targetHints":{"allow":["GET"]}}],"collection":[{"href":"https:\/\/www.cejoanmiro.cat\/es\/wp-json\/wp\/v2\/posts"}],"about":[{"href":"https:\/\/www.cejoanmiro.cat\/es\/wp-json\/wp\/v2\/types\/post"}],"author":[{"embeddable":true,"href":"https:\/\/www.cejoanmiro.cat\/es\/wp-json\/wp\/v2\/users\/7"}],"replies":[{"embeddable":true,"href":"https:\/\/www.cejoanmiro.cat\/es\/wp-json\/wp\/v2\/comments?post=18383"}],"version-history":[{"count":0,"href":"https:\/\/www.cejoanmiro.cat\/es\/wp-json\/wp\/v2\/posts\/18383\/revisions"}],"wp:featuredmedia":[{"embeddable":true,"href":"https:\/\/www.cejoanmiro.cat\/es\/wp-json\/wp\/v2\/media\/18364"}],"wp:attachment":[{"href":"https:\/\/www.cejoanmiro.cat\/es\/wp-json\/wp\/v2\/media?parent=18383"}],"wp:term":[{"taxonomy":"category","embeddable":true,"href":"https:\/\/www.cejoanmiro.cat\/es\/wp-json\/wp\/v2\/categories?post=18383"},{"taxonomy":"post_tag","embeddable":true,"href":"https:\/\/www.cejoanmiro.cat\/es\/wp-json\/wp\/v2\/tags?post=18383"}],"curies":[{"name":"wp","href":"https:\/\/api.w.org\/{rel}","templated":true}]}}