{"id":18385,"date":"2025-07-01T09:35:49","date_gmt":"2025-07-01T07:35:49","guid":{"rendered":"https:\/\/www.cejoanmiro.cat\/?p=18385"},"modified":"2025-07-01T00:15:49","modified_gmt":"2025-06-30T22:15:49","slug":"juliol-es-per-sentir-lo-amb-tot-el-cos-actiu-lliure-i-ple-de-vida","status":"publish","type":"post","link":"https:\/\/www.cejoanmiro.cat\/es\/juliol-es-per-sentir-lo-amb-tot-el-cos-actiu-lliure-i-ple-de-vida\/","title":{"rendered":"Julio es para sentirlo con todo el cuerpo: activo, libre y lleno de vida"},"content":{"rendered":"<p>Julio nos invita a bajar el ritmo, a respirar, a reconectar con nosotros mismos. Pero tambi\u00e9n es una oportunidad perfecta para seguir cuidando cuerpo y mente, desde una actitud m\u00e1s relajada, m\u00e1s libre y consciente. Porque verano no significa parar: significa moverse diferente. Y en el club, te acompa\u00f1amos para que sigas activo, a tu manera, con la energ\u00eda justa y las ganas renovadas.   <\/p>\n<p>Este mes, nuestras <a href=\"https:\/\/www.cejoanmiro.cat\/es\/clases\/\"><strong>clases dirigidas<\/strong><\/a> siguen con toda la fuerza. Adaptadas al verano, con m\u00e1s frescura, m\u00e1s luz, m\u00e1s libertad. Zumba, HIIT, yoga, ciclo, entrenamiento funcional\u2026 sesiones pensadas no solo para mantener la forma, sino para liberar el estr\u00e9s, oxigenarte y seguir creando esa conexi\u00f3n contigo que tanto suma.    <\/p>\n<p>Y si eres de los que prefieren el agua\u2026 \u00a1buenas noticias! Las<a href=\"https:\/\/www.cejoanmiro.cat\/es\/cursos\/#nataci%C3%B3n\"><strong> inscripciones a los cursos de nataci\u00f3n<\/strong><\/a> ya est\u00e1n abiertas. Para adultos que quieren aprender o mejorar su estilo, para beb\u00e9s que dan sus primeros chapoteos, y para ni\u00f1os que est\u00e1n en pleno crecimiento f\u00edsico y emocional. Nadar no es solo ejercicio, es salud, confianza y un gran regalo para el cuerpo.   <\/p>\n<p>Sabemos que el verano pide flexibilidad. Por eso, no se trata de seguir el mismo ritmo que el resto del a\u00f1o, sino de adaptar tu movimiento al momento. Entrenar en julio es entrenar con calma, con disfrute, escuch\u00e1ndote. Quiz\u00e1 no hagas tantas sesiones, pero las que hagas ser\u00e1n un oasis en tu d\u00eda, una forma de resetear cuerpo y mente.      <\/p>\n<p>El agua, el movimiento y la comunidad te esperan en julio. El club sigue activo, con su mejor ambiente. Un espacio para seguir cuid\u00e1ndote, pero tambi\u00e9n para relajarte, para compartir y vivir un verano diferente: activo, consciente y lleno de vida.  <\/p>\n","protected":false},"excerpt":{"rendered":"<p>Julio nos invita a bajar el ritmo, a respirar, a reconectar con nosotros mismos. Pero tambi\u00e9n es una oportunidad perfecta para seguir cuidando cuerpo y mente, desde una actitud m\u00e1s relajada, m\u00e1s libre y consciente. Porque verano no significa parar: significa moverse diferente. Y en el club, te acompa\u00f1amos para que sigas activo, a tu [&hellip;]<\/p>\n","protected":false},"author":7,"featured_media":18380,"comment_status":"closed","ping_status":"open","sticky":false,"template":"","format":"standard","meta":{"_et_pb_use_builder":"","_et_pb_old_content":"","_et_gb_content_width":"","footnotes":""},"categories":[290],"tags":[340,349,346,348,347,342,343,345,344,341],"class_list":["post-18385","post","type-post","status-publish","format-standard","has-post-thumbnail","hentry","category-el-club-es","tag-bienestar-veraniego","tag-club-y-verano","tag-conexion-cuerpo-mente","tag-energia-positiva-es","tag-estilo-de-vida-activo","tag-julio-activo","tag-movimiento-consciente","tag-salud-integral","tag-verano-con-estilo","tag-vitalidad-corporal"],"yoast_head":"<!-- This site is optimized with the Yoast SEO plugin v25.2 - https:\/\/yoast.com\/wordpress\/plugins\/seo\/ -->\n<title>Julio es para sentirlo con todo el cuerpo: activo, libre y lleno de vida - CEM Joan Mir\u00f3<\/title>\n<meta name=\"description\" content=\"Este verano, reg\u00e1late movimiento, aire fresco y momentos que te conecten con tu bienestar real. Ven al club y vive julio con cuerpo y alma.\" \/>\n<meta name=\"robots\" content=\"index, follow, max-snippet:-1, max-image-preview:large, max-video-preview:-1\" \/>\n<link rel=\"canonical\" href=\"https:\/\/www.cejoanmiro.cat\/es\/juliol-es-per-sentir-lo-amb-tot-el-cos-actiu-lliure-i-ple-de-vida\/\" \/>\n<meta property=\"og:locale\" content=\"es_ES\" \/>\n<meta property=\"og:type\" content=\"article\" \/>\n<meta property=\"og:title\" content=\"Julio es para sentirlo con todo el cuerpo: activo, libre y lleno de vida - CEM Joan Mir\u00f3\" \/>\n<meta property=\"og:description\" content=\"Este verano, reg\u00e1late movimiento, aire fresco y momentos que te conecten con tu bienestar real. Ven al club y vive julio con cuerpo y alma.\" \/>\n<meta property=\"og:url\" content=\"https:\/\/www.cejoanmiro.cat\/es\/juliol-es-per-sentir-lo-amb-tot-el-cos-actiu-lliure-i-ple-de-vida\/\" \/>\n<meta property=\"og:site_name\" content=\"CEM Joan Mir\u00f3\" \/>\n<meta property=\"article:publisher\" content=\"https:\/\/facebook.com\/cejoanmiro\" \/>\n<meta property=\"article:published_time\" content=\"2025-07-01T07:35:49+00:00\" \/>\n<meta property=\"og:image\" content=\"https:\/\/www.cejoanmiro.cat\/wp-content\/uploads\/2025\/06\/editorial-JUL.webp\" \/>\n\t<meta property=\"og:image:width\" content=\"800\" \/>\n\t<meta property=\"og:image:height\" content=\"950\" \/>\n\t<meta property=\"og:image:type\" content=\"image\/webp\" \/>\n<meta name=\"author\" content=\"Ramon Sanchez\" \/>\n<meta name=\"twitter:card\" content=\"summary_large_image\" \/>\n<meta name=\"twitter:creator\" content=\"@cejoanmiro\" \/>\n<meta name=\"twitter:site\" content=\"@cejoanmiro\" \/>\n<meta name=\"twitter:label1\" content=\"Escrito por\" \/>\n\t<meta name=\"twitter:data1\" content=\"Ramon Sanchez\" \/>\n\t<meta name=\"twitter:label2\" content=\"Tiempo de lectura\" \/>\n\t<meta name=\"twitter:data2\" content=\"1 minuto\" \/>\n<script type=\"application\/ld+json\" class=\"yoast-schema-graph\">{\"@context\":\"https:\/\/schema.org\",\"@graph\":[{\"@type\":\"Article\",\"@id\":\"https:\/\/www.cejoanmiro.cat\/es\/juliol-es-per-sentir-lo-amb-tot-el-cos-actiu-lliure-i-ple-de-vida\/#article\",\"isPartOf\":{\"@id\":\"https:\/\/www.cejoanmiro.cat\/es\/juliol-es-per-sentir-lo-amb-tot-el-cos-actiu-lliure-i-ple-de-vida\/\"},\"author\":{\"name\":\"Ramon Sanchez\",\"@id\":\"https:\/\/www.cejoanmiro.cat\/es\/#\/schema\/person\/74cab1ad502c650231539ce764399ac3\"},\"headline\":\"Julio es para sentirlo con todo el cuerpo: activo, libre y lleno de vida\",\"datePublished\":\"2025-07-01T07:35:49+00:00\",\"mainEntityOfPage\":{\"@id\":\"https:\/\/www.cejoanmiro.cat\/es\/juliol-es-per-sentir-lo-amb-tot-el-cos-actiu-lliure-i-ple-de-vida\/\"},\"wordCount\":313,\"publisher\":{\"@id\":\"https:\/\/www.cejoanmiro.cat\/es\/#organization\"},\"image\":{\"@id\":\"https:\/\/www.cejoanmiro.cat\/es\/juliol-es-per-sentir-lo-amb-tot-el-cos-actiu-lliure-i-ple-de-vida\/#primaryimage\"},\"thumbnailUrl\":\"https:\/\/www.cejoanmiro.cat\/wp-content\/uploads\/2025\/06\/editorial-JUL.webp\",\"keywords\":[\"bienestar veraniego\",\"club y verano\",\"conexi\u00f3n cuerpo-mente\",\"energ\u00eda positiva\",\"estilo de vida activo\",\"julio activo\",\"movimiento consciente\",\"salud integral\",\"verano con estilo\",\"vitalidad corporal\"],\"articleSection\":[\"El Club\"],\"inLanguage\":\"es\"},{\"@type\":\"WebPage\",\"@id\":\"https:\/\/www.cejoanmiro.cat\/es\/juliol-es-per-sentir-lo-amb-tot-el-cos-actiu-lliure-i-ple-de-vida\/\",\"url\":\"https:\/\/www.cejoanmiro.cat\/es\/juliol-es-per-sentir-lo-amb-tot-el-cos-actiu-lliure-i-ple-de-vida\/\",\"name\":\"Julio es para sentirlo con todo el cuerpo: activo, libre y lleno de vida - CEM Joan Mir\u00f3\",\"isPartOf\":{\"@id\":\"https:\/\/www.cejoanmiro.cat\/es\/#website\"},\"primaryImageOfPage\":{\"@id\":\"https:\/\/www.cejoanmiro.cat\/es\/juliol-es-per-sentir-lo-amb-tot-el-cos-actiu-lliure-i-ple-de-vida\/#primaryimage\"},\"image\":{\"@id\":\"https:\/\/www.cejoanmiro.cat\/es\/juliol-es-per-sentir-lo-amb-tot-el-cos-actiu-lliure-i-ple-de-vida\/#primaryimage\"},\"thumbnailUrl\":\"https:\/\/www.cejoanmiro.cat\/wp-content\/uploads\/2025\/06\/editorial-JUL.webp\",\"datePublished\":\"2025-07-01T07:35:49+00:00\",\"description\":\"Este verano, reg\u00e1late movimiento, aire fresco y momentos que te conecten con tu bienestar real. Ven al club y vive julio con cuerpo y alma.\",\"breadcrumb\":{\"@id\":\"https:\/\/www.cejoanmiro.cat\/es\/juliol-es-per-sentir-lo-amb-tot-el-cos-actiu-lliure-i-ple-de-vida\/#breadcrumb\"},\"inLanguage\":\"es\",\"potentialAction\":[{\"@type\":\"ReadAction\",\"target\":[\"https:\/\/www.cejoanmiro.cat\/es\/juliol-es-per-sentir-lo-amb-tot-el-cos-actiu-lliure-i-ple-de-vida\/\"]}]},{\"@type\":\"ImageObject\",\"inLanguage\":\"es\",\"@id\":\"https:\/\/www.cejoanmiro.cat\/es\/juliol-es-per-sentir-lo-amb-tot-el-cos-actiu-lliure-i-ple-de-vida\/#primaryimage\",\"url\":\"https:\/\/www.cejoanmiro.cat\/wp-content\/uploads\/2025\/06\/editorial-JUL.webp\",\"contentUrl\":\"https:\/\/www.cejoanmiro.cat\/wp-content\/uploads\/2025\/06\/editorial-JUL.webp\",\"width\":800,\"height\":950,\"caption\":\"Deporte Julio\"},{\"@type\":\"BreadcrumbList\",\"@id\":\"https:\/\/www.cejoanmiro.cat\/es\/juliol-es-per-sentir-lo-amb-tot-el-cos-actiu-lliure-i-ple-de-vida\/#breadcrumb\",\"itemListElement\":[{\"@type\":\"ListItem\",\"position\":1,\"name\":\"Inici\",\"item\":\"https:\/\/www.cejoanmiro.cat\/es\/home-3\/\"},{\"@type\":\"ListItem\",\"position\":2,\"name\":\"Julio es para sentirlo con todo el cuerpo: activo, libre y lleno de vida\"}]},{\"@type\":\"WebSite\",\"@id\":\"https:\/\/www.cejoanmiro.cat\/es\/#website\",\"url\":\"https:\/\/www.cejoanmiro.cat\/es\/\",\"name\":\"CEM Joan Mir\u00f3\",\"description\":\"El teu gimn\u00e0s a Barcelona\",\"publisher\":{\"@id\":\"https:\/\/www.cejoanmiro.cat\/es\/#organization\"},\"potentialAction\":[{\"@type\":\"SearchAction\",\"target\":{\"@type\":\"EntryPoint\",\"urlTemplate\":\"https:\/\/www.cejoanmiro.cat\/es\/?s={search_term_string}\"},\"query-input\":{\"@type\":\"PropertyValueSpecification\",\"valueRequired\":true,\"valueName\":\"search_term_string\"}}],\"inLanguage\":\"es\"},{\"@type\":\"Organization\",\"@id\":\"https:\/\/www.cejoanmiro.cat\/es\/#organization\",\"name\":\"CEM Joan Mir\u00f3\",\"url\":\"https:\/\/www.cejoanmiro.cat\/es\/\",\"logo\":{\"@type\":\"ImageObject\",\"inLanguage\":\"es\",\"@id\":\"https:\/\/www.cejoanmiro.cat\/es\/#\/schema\/logo\/image\/\",\"url\":\"https:\/\/www.cejoanmiro.cat\/wp-content\/uploads\/2021\/09\/Icono_cemJoanMiro.png\",\"contentUrl\":\"https:\/\/www.cejoanmiro.cat\/wp-content\/uploads\/2021\/09\/Icono_cemJoanMiro.png\",\"width\":512,\"height\":512,\"caption\":\"CEM Joan Mir\u00f3\"},\"image\":{\"@id\":\"https:\/\/www.cejoanmiro.cat\/es\/#\/schema\/logo\/image\/\"},\"sameAs\":[\"https:\/\/facebook.com\/cejoanmiro\",\"https:\/\/x.com\/cejoanmiro\",\"https:\/\/www.instagram.com\/cemjoanmiro\/\"]},{\"@type\":\"Person\",\"@id\":\"https:\/\/www.cejoanmiro.cat\/es\/#\/schema\/person\/74cab1ad502c650231539ce764399ac3\",\"name\":\"Ramon Sanchez\",\"image\":{\"@type\":\"ImageObject\",\"inLanguage\":\"es\",\"@id\":\"https:\/\/www.cejoanmiro.cat\/es\/#\/schema\/person\/image\/\",\"url\":\"https:\/\/www.cejoanmiro.cat\/wp-content\/litespeed\/avatar\/98b68ae003526c998c0e6556bf127d1e.jpg?ver=1777323608\",\"contentUrl\":\"https:\/\/www.cejoanmiro.cat\/wp-content\/litespeed\/avatar\/98b68ae003526c998c0e6556bf127d1e.jpg?ver=1777323608\",\"caption\":\"Ramon Sanchez\"},\"url\":\"https:\/\/www.cejoanmiro.cat\/es\/author\/ramon\/\"}]}<\/script>\n<!-- \/ Yoast SEO plugin. -->","yoast_head_json":{"title":"Julio es para sentirlo con todo el cuerpo: activo, libre y lleno de vida - CEM Joan Mir\u00f3","description":"Este verano, reg\u00e1late movimiento, aire fresco y momentos que te conecten con tu bienestar real. Ven al club y vive julio con cuerpo y alma.","robots":{"index":"index","follow":"follow","max-snippet":"max-snippet:-1","max-image-preview":"max-image-preview:large","max-video-preview":"max-video-preview:-1"},"canonical":"https:\/\/www.cejoanmiro.cat\/es\/juliol-es-per-sentir-lo-amb-tot-el-cos-actiu-lliure-i-ple-de-vida\/","og_locale":"es_ES","og_type":"article","og_title":"Julio es para sentirlo con todo el cuerpo: activo, libre y lleno de vida - CEM Joan Mir\u00f3","og_description":"Este verano, reg\u00e1late movimiento, aire fresco y momentos que te conecten con tu bienestar real. Ven al club y vive julio con cuerpo y alma.","og_url":"https:\/\/www.cejoanmiro.cat\/es\/juliol-es-per-sentir-lo-amb-tot-el-cos-actiu-lliure-i-ple-de-vida\/","og_site_name":"CEM Joan Mir\u00f3","article_publisher":"https:\/\/facebook.com\/cejoanmiro","article_published_time":"2025-07-01T07:35:49+00:00","og_image":[{"width":800,"height":950,"url":"https:\/\/www.cejoanmiro.cat\/wp-content\/uploads\/2025\/06\/editorial-JUL.webp","type":"image\/webp"}],"author":"Ramon Sanchez","twitter_card":"summary_large_image","twitter_creator":"@cejoanmiro","twitter_site":"@cejoanmiro","twitter_misc":{"Escrito por":"Ramon Sanchez","Tiempo de lectura":"1 minuto"},"schema":{"@context":"https:\/\/schema.org","@graph":[{"@type":"Article","@id":"https:\/\/www.cejoanmiro.cat\/es\/juliol-es-per-sentir-lo-amb-tot-el-cos-actiu-lliure-i-ple-de-vida\/#article","isPartOf":{"@id":"https:\/\/www.cejoanmiro.cat\/es\/juliol-es-per-sentir-lo-amb-tot-el-cos-actiu-lliure-i-ple-de-vida\/"},"author":{"name":"Ramon Sanchez","@id":"https:\/\/www.cejoanmiro.cat\/es\/#\/schema\/person\/74cab1ad502c650231539ce764399ac3"},"headline":"Julio es para sentirlo con todo el cuerpo: activo, libre y lleno de vida","datePublished":"2025-07-01T07:35:49+00:00","mainEntityOfPage":{"@id":"https:\/\/www.cejoanmiro.cat\/es\/juliol-es-per-sentir-lo-amb-tot-el-cos-actiu-lliure-i-ple-de-vida\/"},"wordCount":313,"publisher":{"@id":"https:\/\/www.cejoanmiro.cat\/es\/#organization"},"image":{"@id":"https:\/\/www.cejoanmiro.cat\/es\/juliol-es-per-sentir-lo-amb-tot-el-cos-actiu-lliure-i-ple-de-vida\/#primaryimage"},"thumbnailUrl":"https:\/\/www.cejoanmiro.cat\/wp-content\/uploads\/2025\/06\/editorial-JUL.webp","keywords":["bienestar veraniego","club y verano","conexi\u00f3n cuerpo-mente","energ\u00eda positiva","estilo de vida activo","julio activo","movimiento consciente","salud integral","verano con estilo","vitalidad corporal"],"articleSection":["El Club"],"inLanguage":"es"},{"@type":"WebPage","@id":"https:\/\/www.cejoanmiro.cat\/es\/juliol-es-per-sentir-lo-amb-tot-el-cos-actiu-lliure-i-ple-de-vida\/","url":"https:\/\/www.cejoanmiro.cat\/es\/juliol-es-per-sentir-lo-amb-tot-el-cos-actiu-lliure-i-ple-de-vida\/","name":"Julio es para sentirlo con todo el cuerpo: activo, libre y lleno de vida - CEM Joan Mir\u00f3","isPartOf":{"@id":"https:\/\/www.cejoanmiro.cat\/es\/#website"},"primaryImageOfPage":{"@id":"https:\/\/www.cejoanmiro.cat\/es\/juliol-es-per-sentir-lo-amb-tot-el-cos-actiu-lliure-i-ple-de-vida\/#primaryimage"},"image":{"@id":"https:\/\/www.cejoanmiro.cat\/es\/juliol-es-per-sentir-lo-amb-tot-el-cos-actiu-lliure-i-ple-de-vida\/#primaryimage"},"thumbnailUrl":"https:\/\/www.cejoanmiro.cat\/wp-content\/uploads\/2025\/06\/editorial-JUL.webp","datePublished":"2025-07-01T07:35:49+00:00","description":"Este verano, reg\u00e1late movimiento, aire fresco y momentos que te conecten con tu bienestar real. Ven al club y vive julio con cuerpo y alma.","breadcrumb":{"@id":"https:\/\/www.cejoanmiro.cat\/es\/juliol-es-per-sentir-lo-amb-tot-el-cos-actiu-lliure-i-ple-de-vida\/#breadcrumb"},"inLanguage":"es","potentialAction":[{"@type":"ReadAction","target":["https:\/\/www.cejoanmiro.cat\/es\/juliol-es-per-sentir-lo-amb-tot-el-cos-actiu-lliure-i-ple-de-vida\/"]}]},{"@type":"ImageObject","inLanguage":"es","@id":"https:\/\/www.cejoanmiro.cat\/es\/juliol-es-per-sentir-lo-amb-tot-el-cos-actiu-lliure-i-ple-de-vida\/#primaryimage","url":"https:\/\/www.cejoanmiro.cat\/wp-content\/uploads\/2025\/06\/editorial-JUL.webp","contentUrl":"https:\/\/www.cejoanmiro.cat\/wp-content\/uploads\/2025\/06\/editorial-JUL.webp","width":800,"height":950,"caption":"Deporte Julio"},{"@type":"BreadcrumbList","@id":"https:\/\/www.cejoanmiro.cat\/es\/juliol-es-per-sentir-lo-amb-tot-el-cos-actiu-lliure-i-ple-de-vida\/#breadcrumb","itemListElement":[{"@type":"ListItem","position":1,"name":"Inici","item":"https:\/\/www.cejoanmiro.cat\/es\/home-3\/"},{"@type":"ListItem","position":2,"name":"Julio es para sentirlo con todo el cuerpo: activo, libre y lleno de vida"}]},{"@type":"WebSite","@id":"https:\/\/www.cejoanmiro.cat\/es\/#website","url":"https:\/\/www.cejoanmiro.cat\/es\/","name":"CEM Joan Mir\u00f3","description":"El teu gimn\u00e0s a Barcelona","publisher":{"@id":"https:\/\/www.cejoanmiro.cat\/es\/#organization"},"potentialAction":[{"@type":"SearchAction","target":{"@type":"EntryPoint","urlTemplate":"https:\/\/www.cejoanmiro.cat\/es\/?s={search_term_string}"},"query-input":{"@type":"PropertyValueSpecification","valueRequired":true,"valueName":"search_term_string"}}],"inLanguage":"es"},{"@type":"Organization","@id":"https:\/\/www.cejoanmiro.cat\/es\/#organization","name":"CEM Joan Mir\u00f3","url":"https:\/\/www.cejoanmiro.cat\/es\/","logo":{"@type":"ImageObject","inLanguage":"es","@id":"https:\/\/www.cejoanmiro.cat\/es\/#\/schema\/logo\/image\/","url":"https:\/\/www.cejoanmiro.cat\/wp-content\/uploads\/2021\/09\/Icono_cemJoanMiro.png","contentUrl":"https:\/\/www.cejoanmiro.cat\/wp-content\/uploads\/2021\/09\/Icono_cemJoanMiro.png","width":512,"height":512,"caption":"CEM Joan Mir\u00f3"},"image":{"@id":"https:\/\/www.cejoanmiro.cat\/es\/#\/schema\/logo\/image\/"},"sameAs":["https:\/\/facebook.com\/cejoanmiro","https:\/\/x.com\/cejoanmiro","https:\/\/www.instagram.com\/cemjoanmiro\/"]},{"@type":"Person","@id":"https:\/\/www.cejoanmiro.cat\/es\/#\/schema\/person\/74cab1ad502c650231539ce764399ac3","name":"Ramon Sanchez","image":{"@type":"ImageObject","inLanguage":"es","@id":"https:\/\/www.cejoanmiro.cat\/es\/#\/schema\/person\/image\/","url":"https:\/\/www.cejoanmiro.cat\/wp-content\/litespeed\/avatar\/98b68ae003526c998c0e6556bf127d1e.jpg?ver=1777323608","contentUrl":"https:\/\/www.cejoanmiro.cat\/wp-content\/litespeed\/avatar\/98b68ae003526c998c0e6556bf127d1e.jpg?ver=1777323608","caption":"Ramon Sanchez"},"url":"https:\/\/www.cejoanmiro.cat\/es\/author\/ramon\/"}]}},"_links":{"self":[{"href":"https:\/\/www.cejoanmiro.cat\/es\/wp-json\/wp\/v2\/posts\/18385","targetHints":{"allow":["GET"]}}],"collection":[{"href":"https:\/\/www.cejoanmiro.cat\/es\/wp-json\/wp\/v2\/posts"}],"about":[{"href":"https:\/\/www.cejoanmiro.cat\/es\/wp-json\/wp\/v2\/types\/post"}],"author":[{"embeddable":true,"href":"https:\/\/www.cejoanmiro.cat\/es\/wp-json\/wp\/v2\/users\/7"}],"replies":[{"embeddable":true,"href":"https:\/\/www.cejoanmiro.cat\/es\/wp-json\/wp\/v2\/comments?post=18385"}],"version-history":[{"count":0,"href":"https:\/\/www.cejoanmiro.cat\/es\/wp-json\/wp\/v2\/posts\/18385\/revisions"}],"wp:featuredmedia":[{"embeddable":true,"href":"https:\/\/www.cejoanmiro.cat\/es\/wp-json\/wp\/v2\/media\/18380"}],"wp:attachment":[{"href":"https:\/\/www.cejoanmiro.cat\/es\/wp-json\/wp\/v2\/media?parent=18385"}],"wp:term":[{"taxonomy":"category","embeddable":true,"href":"https:\/\/www.cejoanmiro.cat\/es\/wp-json\/wp\/v2\/categories?post=18385"},{"taxonomy":"post_tag","embeddable":true,"href":"https:\/\/www.cejoanmiro.cat\/es\/wp-json\/wp\/v2\/tags?post=18385"}],"curies":[{"name":"wp","href":"https:\/\/api.w.org\/{rel}","templated":true}]}}