{"id":18454,"date":"2025-08-27T18:50:13","date_gmt":"2025-08-27T16:50:13","guid":{"rendered":"https:\/\/www.cejoanmiro.cat\/com-combatir-fatiga-post-vacacional-con-alimentacion\/"},"modified":"2025-10-06T11:43:40","modified_gmt":"2025-10-06T09:43:40","slug":"com-combatir-fatiga-post-vacacional-con-alimentacion","status":"publish","type":"post","link":"https:\/\/www.cejoanmiro.cat\/es\/com-combatir-fatiga-post-vacacional-con-alimentacion\/","title":{"rendered":"C\u00f3mo combatir la fatiga postvacacional con la alimentaci\u00f3n"},"content":{"rendered":"<p>[et_pb_section admin_label=\u00bbsection\u00bb]<br \/>\n\t\t\t[et_pb_row admin_label=\u00bbrow\u00bb]<br \/>\n\t\t\t\t[et_pb_column type=\u00bb4_4&#8243;][et_pb_text admin_label=\u00bbText\u00bb]<\/p>\n<h2>Septiembre: el momento perfecto para cuidar tu energ\u00eda<\/h2>\n<p>Con el fin de las vacaciones, septiembre se convierte en el mes del regreso a la rutina. Sin embargo, este retorno no siempre es sencillo: muchas personas sienten una especie de fatiga general, dificultad para concentrarse, desmotivaci\u00f3n o incluso cambios en el estado de \u00e1nimo. Se trata del conocido<strong> s\u00edndrome postvacacional<\/strong>.   <\/p>\n<p>Desde el <strong>CEM Joan Mir\u00f3<\/strong>, te proponemos un enfoque natural y efectivo para superarlo: mejorar tu alimentaci\u00f3n. Lo que comes puede influir directamente en tu nivel de energ\u00eda, rendimiento f\u00edsico y bienestar mental. \u00bfQuieres saber c\u00f3mo? <\/p>\n<h3>Nutrientes clave para recuperar la vitalidad<\/h3>\n<ol>\n<li> <strong>Carbohidratos complejos<\/strong><br \/>\nSon la fuente principal de energ\u00eda para el cerebro y los m\u00fasculos. A diferencia de los az\u00facares simples, su absorci\u00f3n lenta permite mantener la energ\u00eda durante m\u00e1s tiempo.<br \/>\nEjemplos: avena, arroz integral, pan o pasta integral, boniato, lentejas. <\/li>\n<li> <strong>Prote\u00ednas de buena calidad<\/strong><br \/>\nAyudan a regenerar tejidos, mantener la masa muscular y facilitar la recuperaci\u00f3n, especialmente si retomas el ejercicio f\u00edsico.<br \/>\nEjemplos: pescado, huevos, pollo, tofu, yogur natural, legumbres.<\/li>\n<li> <strong>Hierro y vitamina B12<\/strong><br \/>\nSu d\u00e9ficit est\u00e1 asociado a s\u00edntomas como cansancio cr\u00f3nico, apat\u00eda o falta de concentraci\u00f3n. Hierro: espinacas, carne magra, lentejas, almejas.<br \/>\nVitamina B12: pescado azul, huevos, l\u00e1cteos.<\/li>\n<li> <strong>Magnesio<\/strong><br \/>\nEste mineral regula el sistema nervioso, mejora la funci\u00f3n muscular y combate la sensaci\u00f3n de agotamiento.<br \/>\nEjemplos: frutos secos, semillas, cacao puro, aguacate, legumbres.<\/li>\n<li> <strong>Omega-3 y antioxidantes<\/strong><br \/>\nFavorecen la salud cerebral, reducen la inflamaci\u00f3n y ayudan a estabilizar el estado de \u00e1nimo.<br \/>\nEjemplos: pescado azul, nueces, ch\u00eda, frutos rojos, verduras de hoja verde.<\/li>\n<\/ol>\n<h3>Consejos pr\u00e1cticos para tu d\u00eda a d\u00eda<\/h3>\n<ul>\n<li><strong>Desayuna de forma equilibrada:<\/strong> combina carbohidratos complejos, prote\u00ednas y fruta fresca para empezar el d\u00eda con energ\u00eda.<\/li>\n<li><strong>Come con regularidad:<\/strong> evita saltarte comidas o pasar muchas horas sin comer.<\/li>\n<li><strong>Hidr\u00e1tate bien:<\/strong> muchas veces la fatiga se debe simplemente a deshidrataci\u00f3n. Prioriza agua, infusiones y caldos naturales. <\/li>\n<li><strong>Snacks saludables a mano:<\/strong> frutos secos, fruta fresca o palitos de zanahoria con hummus son opciones excelentes.<\/li>\n<li><strong>Modera el consumo de estimulantes: <\/strong>como el az\u00facar y el caf\u00e9 en exceso, que pueden alterar tu energ\u00eda.<\/li>\n<\/ul>\n<h3>Comer bien, vivir mejor<\/h3>\n<p>Volver con energ\u00eda es m\u00e1s sencillo si cuidas tu alimentaci\u00f3n. No se trata de seguir dietas estrictas ni de buscar soluciones m\u00e1gicas, sino de dar a tu cuerpo lo que necesita<strong> para funcionar bie<\/strong>n. Una alimentaci\u00f3n consciente, variada y equilibrada puede marcar una gran diferencia en tu bienestar.  <\/p>\n<p>Este septiembre, haz de tu plato tu mejor aliado. En el CEM Joan Mir\u00f3, estamos contigo para ayudarte a lograrlo. [\/et_pb_text][\/et_pb_column]<br \/>\n\t\t\t[\/et_pb_row]<br \/>\n\t\t[\/et_pb_section]<\/p>\n","protected":false},"excerpt":{"rendered":"<p>[et_pb_section admin_label=\u00bbsection\u00bb] [et_pb_row admin_label=\u00bbrow\u00bb] [et_pb_column type=\u00bb4_4&#8243;][et_pb_text admin_label=\u00bbText\u00bb] Septiembre: el momento perfecto para cuidar tu energ\u00eda Con el fin de las vacaciones, septiembre se convierte en el mes del regreso a la rutina. Sin embargo, este retorno no siempre es sencillo: muchas personas sienten una especie de fatiga general, dificultad para concentrarse, desmotivaci\u00f3n o incluso cambios [&hellip;]<\/p>\n","protected":false},"author":7,"featured_media":18448,"comment_status":"closed","ping_status":"open","sticky":false,"template":"","format":"standard","meta":{"_et_pb_use_builder":"","_et_pb_old_content":"<h2>Septiembre: el momento perfecto para cuidar tu energ\u00eda<\/h2>\nCon el fin de las vacaciones, septiembre se convierte en el mes del regreso a la rutina. Sin embargo, este retorno no siempre es sencillo: muchas personas sienten una especie de fatiga general, dificultad para concentrarse, desmotivaci\u00f3n o incluso cambios en el estado de \u00e1nimo. Se trata del conocido<strong> s\u00edndrome postvacacional<\/strong>.   \n\nDesde el <strong>CEM Joan Mir\u00f3<\/strong>, te proponemos un enfoque natural y efectivo para superarlo: mejorar tu alimentaci\u00f3n. Lo que comes puede influir directamente en tu nivel de energ\u00eda, rendimiento f\u00edsico y bienestar mental. \u00bfQuieres saber c\u00f3mo? \n<h3>Nutrientes clave para recuperar la vitalidad<\/h3>\n<ol>\n \t<li> <strong>Carbohidratos complejos<\/strong>\nSon la fuente principal de energ\u00eda para el cerebro y los m\u00fasculos. A diferencia de los az\u00facares simples, su absorci\u00f3n lenta permite mantener la energ\u00eda durante m\u00e1s tiempo.\nEjemplos: avena, arroz integral, pan o pasta integral, boniato, lentejas. <\/li>\n \t<li> <strong>Prote\u00ednas de buena calidad<\/strong>\nAyudan a regenerar tejidos, mantener la masa muscular y facilitar la recuperaci\u00f3n, especialmente si retomas el ejercicio f\u00edsico.\nEjemplos: pescado, huevos, pollo, tofu, yogur natural, legumbres.<\/li>\n \t<li> <strong>Hierro y vitamina B12<\/strong>\nSu d\u00e9ficit est\u00e1 asociado a s\u00edntomas como cansancio cr\u00f3nico, apat\u00eda o falta de concentraci\u00f3n. Hierro: espinacas, carne magra, lentejas, almejas.\nVitamina B12: pescado azul, huevos, l\u00e1cteos.<\/li>\n \t<li> <strong>Magnesio<\/strong>\nEste mineral regula el sistema nervioso, mejora la funci\u00f3n muscular y combate la sensaci\u00f3n de agotamiento.\nEjemplos: frutos secos, semillas, cacao puro, aguacate, legumbres.<\/li>\n \t<li> <strong>Omega-3 y antioxidantes<\/strong>\nFavorecen la salud cerebral, reducen la inflamaci\u00f3n y ayudan a estabilizar el estado de \u00e1nimo.\nEjemplos: pescado azul, nueces, ch\u00eda, frutos rojos, verduras de hoja verde.<\/li>\n<\/ol>\n<h3>Consejos pr\u00e1cticos para tu d\u00eda a d\u00eda<\/h3>\n<ul>\n \t<li><strong>Desayuna de forma equilibrada:<\/strong> combina carbohidratos complejos, prote\u00ednas y fruta fresca para empezar el d\u00eda con energ\u00eda.<\/li>\n \t<li><strong>Come con regularidad:<\/strong> evita saltarte comidas o pasar muchas horas sin comer.<\/li>\n \t<li><strong>Hidr\u00e1tate bien:<\/strong> muchas veces la fatiga se debe simplemente a deshidrataci\u00f3n. Prioriza agua, infusiones y caldos naturales. <\/li>\n \t<li><strong>Snacks saludables a mano:<\/strong> frutos secos, fruta fresca o palitos de zanahoria con hummus son opciones excelentes.<\/li>\n \t<li><strong>Modera el consumo de estimulantes: <\/strong>como el az\u00facar y el caf\u00e9 en exceso, que pueden alterar tu energ\u00eda.<\/li>\n<\/ul>\n<h3>Comer bien, vivir mejor<\/h3>\nVolver con energ\u00eda es m\u00e1s sencillo si cuidas tu alimentaci\u00f3n. No se trata de seguir dietas estrictas ni de buscar soluciones m\u00e1gicas, sino de dar a tu cuerpo lo que necesita<strong> para funcionar bie<\/strong>n. Una alimentaci\u00f3n consciente, variada y equilibrada puede marcar una gran diferencia en tu bienestar.  \n\nEste septiembre, haz de tu plato tu mejor aliado. En el CEM Joan Mir\u00f3, estamos contigo para ayudarte a lograrlo. ","_et_gb_content_width":"","footnotes":""},"categories":[173],"tags":[],"class_list":["post-18454","post","type-post","status-publish","format-standard","has-post-thumbnail","hentry","category-nutricion"],"yoast_head":"<!-- This site is optimized with the Yoast SEO plugin v25.2 - https:\/\/yoast.com\/wordpress\/plugins\/seo\/ -->\n<title>C\u00f3mo combatir la fatiga postvacacional con la alimentaci\u00f3n - CEM Joan Mir\u00f3<\/title>\n<meta name=\"description\" content=\". Despu\u00e9s de un verano de desconexi\u00f3n, viajes o cambios de horarios, es habitual sentirse cansado, desmotivado o con dificultades para concentrarse\" \/>\n<meta name=\"robots\" content=\"index, follow, max-snippet:-1, max-image-preview:large, max-video-preview:-1\" \/>\n<link rel=\"canonical\" href=\"https:\/\/www.cejoanmiro.cat\/es\/com-combatir-fatiga-post-vacacional-con-alimentacion\/\" \/>\n<meta property=\"og:locale\" content=\"es_ES\" \/>\n<meta property=\"og:type\" content=\"article\" \/>\n<meta property=\"og:title\" content=\"C\u00f3mo combatir la fatiga postvacacional con la alimentaci\u00f3n - CEM Joan Mir\u00f3\" \/>\n<meta property=\"og:description\" content=\". Despu\u00e9s de un verano de desconexi\u00f3n, viajes o cambios de horarios, es habitual sentirse cansado, desmotivado o con dificultades para concentrarse\" \/>\n<meta property=\"og:url\" content=\"https:\/\/www.cejoanmiro.cat\/es\/com-combatir-fatiga-post-vacacional-con-alimentacion\/\" \/>\n<meta property=\"og:site_name\" content=\"CEM Joan Mir\u00f3\" \/>\n<meta property=\"article:publisher\" content=\"https:\/\/facebook.com\/cejoanmiro\" \/>\n<meta property=\"article:published_time\" content=\"2025-08-27T16:50:13+00:00\" \/>\n<meta property=\"article:modified_time\" content=\"2025-10-06T09:43:40+00:00\" \/>\n<meta property=\"og:image\" content=\"https:\/\/www.cejoanmiro.cat\/wp-content\/uploads\/2025\/08\/proteines_qualitat.webp\" \/>\n\t<meta property=\"og:image:width\" content=\"800\" \/>\n\t<meta property=\"og:image:height\" content=\"950\" \/>\n\t<meta property=\"og:image:type\" content=\"image\/webp\" \/>\n<meta name=\"author\" content=\"Ramon Sanchez\" \/>\n<meta name=\"twitter:card\" content=\"summary_large_image\" \/>\n<meta name=\"twitter:creator\" content=\"@cejoanmiro\" \/>\n<meta name=\"twitter:site\" content=\"@cejoanmiro\" \/>\n<meta name=\"twitter:label1\" content=\"Escrito por\" \/>\n\t<meta name=\"twitter:data1\" content=\"Ramon Sanchez\" \/>\n\t<meta name=\"twitter:label2\" content=\"Tiempo de lectura\" \/>\n\t<meta name=\"twitter:data2\" content=\"2 minutos\" \/>\n<script type=\"application\/ld+json\" class=\"yoast-schema-graph\">{\"@context\":\"https:\/\/schema.org\",\"@graph\":[{\"@type\":\"Article\",\"@id\":\"https:\/\/www.cejoanmiro.cat\/es\/com-combatir-fatiga-post-vacacional-con-alimentacion\/#article\",\"isPartOf\":{\"@id\":\"https:\/\/www.cejoanmiro.cat\/es\/com-combatir-fatiga-post-vacacional-con-alimentacion\/\"},\"author\":{\"name\":\"Ramon Sanchez\",\"@id\":\"https:\/\/www.cejoanmiro.cat\/es\/#\/schema\/person\/74cab1ad502c650231539ce764399ac3\"},\"headline\":\"C\u00f3mo combatir la fatiga postvacacional con la alimentaci\u00f3n\",\"datePublished\":\"2025-08-27T16:50:13+00:00\",\"dateModified\":\"2025-10-06T09:43:40+00:00\",\"mainEntityOfPage\":{\"@id\":\"https:\/\/www.cejoanmiro.cat\/es\/com-combatir-fatiga-post-vacacional-con-alimentacion\/\"},\"wordCount\":500,\"publisher\":{\"@id\":\"https:\/\/www.cejoanmiro.cat\/es\/#organization\"},\"image\":{\"@id\":\"https:\/\/www.cejoanmiro.cat\/es\/com-combatir-fatiga-post-vacacional-con-alimentacion\/#primaryimage\"},\"thumbnailUrl\":\"https:\/\/www.cejoanmiro.cat\/wp-content\/uploads\/2025\/08\/proteines_qualitat.webp\",\"articleSection\":[\"Nutrici\u00f3n\"],\"inLanguage\":\"es\"},{\"@type\":\"WebPage\",\"@id\":\"https:\/\/www.cejoanmiro.cat\/es\/com-combatir-fatiga-post-vacacional-con-alimentacion\/\",\"url\":\"https:\/\/www.cejoanmiro.cat\/es\/com-combatir-fatiga-post-vacacional-con-alimentacion\/\",\"name\":\"C\u00f3mo combatir la fatiga postvacacional con la alimentaci\u00f3n - CEM Joan Mir\u00f3\",\"isPartOf\":{\"@id\":\"https:\/\/www.cejoanmiro.cat\/es\/#website\"},\"primaryImageOfPage\":{\"@id\":\"https:\/\/www.cejoanmiro.cat\/es\/com-combatir-fatiga-post-vacacional-con-alimentacion\/#primaryimage\"},\"image\":{\"@id\":\"https:\/\/www.cejoanmiro.cat\/es\/com-combatir-fatiga-post-vacacional-con-alimentacion\/#primaryimage\"},\"thumbnailUrl\":\"https:\/\/www.cejoanmiro.cat\/wp-content\/uploads\/2025\/08\/proteines_qualitat.webp\",\"datePublished\":\"2025-08-27T16:50:13+00:00\",\"dateModified\":\"2025-10-06T09:43:40+00:00\",\"description\":\". Despu\u00e9s de un verano de desconexi\u00f3n, viajes o cambios de horarios, es habitual sentirse cansado, desmotivado o con dificultades para concentrarse\",\"breadcrumb\":{\"@id\":\"https:\/\/www.cejoanmiro.cat\/es\/com-combatir-fatiga-post-vacacional-con-alimentacion\/#breadcrumb\"},\"inLanguage\":\"es\",\"potentialAction\":[{\"@type\":\"ReadAction\",\"target\":[\"https:\/\/www.cejoanmiro.cat\/es\/com-combatir-fatiga-post-vacacional-con-alimentacion\/\"]}]},{\"@type\":\"ImageObject\",\"inLanguage\":\"es\",\"@id\":\"https:\/\/www.cejoanmiro.cat\/es\/com-combatir-fatiga-post-vacacional-con-alimentacion\/#primaryimage\",\"url\":\"https:\/\/www.cejoanmiro.cat\/wp-content\/uploads\/2025\/08\/proteines_qualitat.webp\",\"contentUrl\":\"https:\/\/www.cejoanmiro.cat\/wp-content\/uploads\/2025\/08\/proteines_qualitat.webp\",\"width\":800,\"height\":950},{\"@type\":\"BreadcrumbList\",\"@id\":\"https:\/\/www.cejoanmiro.cat\/es\/com-combatir-fatiga-post-vacacional-con-alimentacion\/#breadcrumb\",\"itemListElement\":[{\"@type\":\"ListItem\",\"position\":1,\"name\":\"Inici\",\"item\":\"https:\/\/www.cejoanmiro.cat\/es\/home-3\/\"},{\"@type\":\"ListItem\",\"position\":2,\"name\":\"C\u00f3mo combatir la fatiga postvacacional con la alimentaci\u00f3n\"}]},{\"@type\":\"WebSite\",\"@id\":\"https:\/\/www.cejoanmiro.cat\/es\/#website\",\"url\":\"https:\/\/www.cejoanmiro.cat\/es\/\",\"name\":\"CEM Joan Mir\u00f3\",\"description\":\"El teu gimn\u00e0s a Barcelona\",\"publisher\":{\"@id\":\"https:\/\/www.cejoanmiro.cat\/es\/#organization\"},\"potentialAction\":[{\"@type\":\"SearchAction\",\"target\":{\"@type\":\"EntryPoint\",\"urlTemplate\":\"https:\/\/www.cejoanmiro.cat\/es\/?s={search_term_string}\"},\"query-input\":{\"@type\":\"PropertyValueSpecification\",\"valueRequired\":true,\"valueName\":\"search_term_string\"}}],\"inLanguage\":\"es\"},{\"@type\":\"Organization\",\"@id\":\"https:\/\/www.cejoanmiro.cat\/es\/#organization\",\"name\":\"CEM Joan Mir\u00f3\",\"url\":\"https:\/\/www.cejoanmiro.cat\/es\/\",\"logo\":{\"@type\":\"ImageObject\",\"inLanguage\":\"es\",\"@id\":\"https:\/\/www.cejoanmiro.cat\/es\/#\/schema\/logo\/image\/\",\"url\":\"https:\/\/www.cejoanmiro.cat\/wp-content\/uploads\/2021\/09\/Icono_cemJoanMiro.png\",\"contentUrl\":\"https:\/\/www.cejoanmiro.cat\/wp-content\/uploads\/2021\/09\/Icono_cemJoanMiro.png\",\"width\":512,\"height\":512,\"caption\":\"CEM Joan Mir\u00f3\"},\"image\":{\"@id\":\"https:\/\/www.cejoanmiro.cat\/es\/#\/schema\/logo\/image\/\"},\"sameAs\":[\"https:\/\/facebook.com\/cejoanmiro\",\"https:\/\/x.com\/cejoanmiro\",\"https:\/\/www.instagram.com\/cemjoanmiro\/\"]},{\"@type\":\"Person\",\"@id\":\"https:\/\/www.cejoanmiro.cat\/es\/#\/schema\/person\/74cab1ad502c650231539ce764399ac3\",\"name\":\"Ramon Sanchez\",\"image\":{\"@type\":\"ImageObject\",\"inLanguage\":\"es\",\"@id\":\"https:\/\/www.cejoanmiro.cat\/es\/#\/schema\/person\/image\/\",\"url\":\"https:\/\/www.cejoanmiro.cat\/wp-content\/litespeed\/avatar\/98b68ae003526c998c0e6556bf127d1e.jpg?ver=1777323608\",\"contentUrl\":\"https:\/\/www.cejoanmiro.cat\/wp-content\/litespeed\/avatar\/98b68ae003526c998c0e6556bf127d1e.jpg?ver=1777323608\",\"caption\":\"Ramon Sanchez\"},\"url\":\"https:\/\/www.cejoanmiro.cat\/es\/author\/ramon\/\"}]}<\/script>\n<!-- \/ Yoast SEO plugin. -->","yoast_head_json":{"title":"C\u00f3mo combatir la fatiga postvacacional con la alimentaci\u00f3n - CEM Joan Mir\u00f3","description":". Despu\u00e9s de un verano de desconexi\u00f3n, viajes o cambios de horarios, es habitual sentirse cansado, desmotivado o con dificultades para concentrarse","robots":{"index":"index","follow":"follow","max-snippet":"max-snippet:-1","max-image-preview":"max-image-preview:large","max-video-preview":"max-video-preview:-1"},"canonical":"https:\/\/www.cejoanmiro.cat\/es\/com-combatir-fatiga-post-vacacional-con-alimentacion\/","og_locale":"es_ES","og_type":"article","og_title":"C\u00f3mo combatir la fatiga postvacacional con la alimentaci\u00f3n - CEM Joan Mir\u00f3","og_description":". Despu\u00e9s de un verano de desconexi\u00f3n, viajes o cambios de horarios, es habitual sentirse cansado, desmotivado o con dificultades para concentrarse","og_url":"https:\/\/www.cejoanmiro.cat\/es\/com-combatir-fatiga-post-vacacional-con-alimentacion\/","og_site_name":"CEM Joan Mir\u00f3","article_publisher":"https:\/\/facebook.com\/cejoanmiro","article_published_time":"2025-08-27T16:50:13+00:00","article_modified_time":"2025-10-06T09:43:40+00:00","og_image":[{"width":800,"height":950,"url":"https:\/\/www.cejoanmiro.cat\/wp-content\/uploads\/2025\/08\/proteines_qualitat.webp","type":"image\/webp"}],"author":"Ramon Sanchez","twitter_card":"summary_large_image","twitter_creator":"@cejoanmiro","twitter_site":"@cejoanmiro","twitter_misc":{"Escrito por":"Ramon Sanchez","Tiempo de lectura":"2 minutos"},"schema":{"@context":"https:\/\/schema.org","@graph":[{"@type":"Article","@id":"https:\/\/www.cejoanmiro.cat\/es\/com-combatir-fatiga-post-vacacional-con-alimentacion\/#article","isPartOf":{"@id":"https:\/\/www.cejoanmiro.cat\/es\/com-combatir-fatiga-post-vacacional-con-alimentacion\/"},"author":{"name":"Ramon Sanchez","@id":"https:\/\/www.cejoanmiro.cat\/es\/#\/schema\/person\/74cab1ad502c650231539ce764399ac3"},"headline":"C\u00f3mo combatir la fatiga postvacacional con la alimentaci\u00f3n","datePublished":"2025-08-27T16:50:13+00:00","dateModified":"2025-10-06T09:43:40+00:00","mainEntityOfPage":{"@id":"https:\/\/www.cejoanmiro.cat\/es\/com-combatir-fatiga-post-vacacional-con-alimentacion\/"},"wordCount":500,"publisher":{"@id":"https:\/\/www.cejoanmiro.cat\/es\/#organization"},"image":{"@id":"https:\/\/www.cejoanmiro.cat\/es\/com-combatir-fatiga-post-vacacional-con-alimentacion\/#primaryimage"},"thumbnailUrl":"https:\/\/www.cejoanmiro.cat\/wp-content\/uploads\/2025\/08\/proteines_qualitat.webp","articleSection":["Nutrici\u00f3n"],"inLanguage":"es"},{"@type":"WebPage","@id":"https:\/\/www.cejoanmiro.cat\/es\/com-combatir-fatiga-post-vacacional-con-alimentacion\/","url":"https:\/\/www.cejoanmiro.cat\/es\/com-combatir-fatiga-post-vacacional-con-alimentacion\/","name":"C\u00f3mo combatir la fatiga postvacacional con la alimentaci\u00f3n - CEM Joan Mir\u00f3","isPartOf":{"@id":"https:\/\/www.cejoanmiro.cat\/es\/#website"},"primaryImageOfPage":{"@id":"https:\/\/www.cejoanmiro.cat\/es\/com-combatir-fatiga-post-vacacional-con-alimentacion\/#primaryimage"},"image":{"@id":"https:\/\/www.cejoanmiro.cat\/es\/com-combatir-fatiga-post-vacacional-con-alimentacion\/#primaryimage"},"thumbnailUrl":"https:\/\/www.cejoanmiro.cat\/wp-content\/uploads\/2025\/08\/proteines_qualitat.webp","datePublished":"2025-08-27T16:50:13+00:00","dateModified":"2025-10-06T09:43:40+00:00","description":". Despu\u00e9s de un verano de desconexi\u00f3n, viajes o cambios de horarios, es habitual sentirse cansado, desmotivado o con dificultades para concentrarse","breadcrumb":{"@id":"https:\/\/www.cejoanmiro.cat\/es\/com-combatir-fatiga-post-vacacional-con-alimentacion\/#breadcrumb"},"inLanguage":"es","potentialAction":[{"@type":"ReadAction","target":["https:\/\/www.cejoanmiro.cat\/es\/com-combatir-fatiga-post-vacacional-con-alimentacion\/"]}]},{"@type":"ImageObject","inLanguage":"es","@id":"https:\/\/www.cejoanmiro.cat\/es\/com-combatir-fatiga-post-vacacional-con-alimentacion\/#primaryimage","url":"https:\/\/www.cejoanmiro.cat\/wp-content\/uploads\/2025\/08\/proteines_qualitat.webp","contentUrl":"https:\/\/www.cejoanmiro.cat\/wp-content\/uploads\/2025\/08\/proteines_qualitat.webp","width":800,"height":950},{"@type":"BreadcrumbList","@id":"https:\/\/www.cejoanmiro.cat\/es\/com-combatir-fatiga-post-vacacional-con-alimentacion\/#breadcrumb","itemListElement":[{"@type":"ListItem","position":1,"name":"Inici","item":"https:\/\/www.cejoanmiro.cat\/es\/home-3\/"},{"@type":"ListItem","position":2,"name":"C\u00f3mo combatir la fatiga postvacacional con la alimentaci\u00f3n"}]},{"@type":"WebSite","@id":"https:\/\/www.cejoanmiro.cat\/es\/#website","url":"https:\/\/www.cejoanmiro.cat\/es\/","name":"CEM Joan Mir\u00f3","description":"El teu gimn\u00e0s a Barcelona","publisher":{"@id":"https:\/\/www.cejoanmiro.cat\/es\/#organization"},"potentialAction":[{"@type":"SearchAction","target":{"@type":"EntryPoint","urlTemplate":"https:\/\/www.cejoanmiro.cat\/es\/?s={search_term_string}"},"query-input":{"@type":"PropertyValueSpecification","valueRequired":true,"valueName":"search_term_string"}}],"inLanguage":"es"},{"@type":"Organization","@id":"https:\/\/www.cejoanmiro.cat\/es\/#organization","name":"CEM Joan Mir\u00f3","url":"https:\/\/www.cejoanmiro.cat\/es\/","logo":{"@type":"ImageObject","inLanguage":"es","@id":"https:\/\/www.cejoanmiro.cat\/es\/#\/schema\/logo\/image\/","url":"https:\/\/www.cejoanmiro.cat\/wp-content\/uploads\/2021\/09\/Icono_cemJoanMiro.png","contentUrl":"https:\/\/www.cejoanmiro.cat\/wp-content\/uploads\/2021\/09\/Icono_cemJoanMiro.png","width":512,"height":512,"caption":"CEM Joan Mir\u00f3"},"image":{"@id":"https:\/\/www.cejoanmiro.cat\/es\/#\/schema\/logo\/image\/"},"sameAs":["https:\/\/facebook.com\/cejoanmiro","https:\/\/x.com\/cejoanmiro","https:\/\/www.instagram.com\/cemjoanmiro\/"]},{"@type":"Person","@id":"https:\/\/www.cejoanmiro.cat\/es\/#\/schema\/person\/74cab1ad502c650231539ce764399ac3","name":"Ramon Sanchez","image":{"@type":"ImageObject","inLanguage":"es","@id":"https:\/\/www.cejoanmiro.cat\/es\/#\/schema\/person\/image\/","url":"https:\/\/www.cejoanmiro.cat\/wp-content\/litespeed\/avatar\/98b68ae003526c998c0e6556bf127d1e.jpg?ver=1777323608","contentUrl":"https:\/\/www.cejoanmiro.cat\/wp-content\/litespeed\/avatar\/98b68ae003526c998c0e6556bf127d1e.jpg?ver=1777323608","caption":"Ramon Sanchez"},"url":"https:\/\/www.cejoanmiro.cat\/es\/author\/ramon\/"}]}},"_links":{"self":[{"href":"https:\/\/www.cejoanmiro.cat\/es\/wp-json\/wp\/v2\/posts\/18454","targetHints":{"allow":["GET"]}}],"collection":[{"href":"https:\/\/www.cejoanmiro.cat\/es\/wp-json\/wp\/v2\/posts"}],"about":[{"href":"https:\/\/www.cejoanmiro.cat\/es\/wp-json\/wp\/v2\/types\/post"}],"author":[{"embeddable":true,"href":"https:\/\/www.cejoanmiro.cat\/es\/wp-json\/wp\/v2\/users\/7"}],"replies":[{"embeddable":true,"href":"https:\/\/www.cejoanmiro.cat\/es\/wp-json\/wp\/v2\/comments?post=18454"}],"version-history":[{"count":0,"href":"https:\/\/www.cejoanmiro.cat\/es\/wp-json\/wp\/v2\/posts\/18454\/revisions"}],"wp:featuredmedia":[{"embeddable":true,"href":"https:\/\/www.cejoanmiro.cat\/es\/wp-json\/wp\/v2\/media\/18448"}],"wp:attachment":[{"href":"https:\/\/www.cejoanmiro.cat\/es\/wp-json\/wp\/v2\/media?parent=18454"}],"wp:term":[{"taxonomy":"category","embeddable":true,"href":"https:\/\/www.cejoanmiro.cat\/es\/wp-json\/wp\/v2\/categories?post=18454"},{"taxonomy":"post_tag","embeddable":true,"href":"https:\/\/www.cejoanmiro.cat\/es\/wp-json\/wp\/v2\/tags?post=18454"}],"curies":[{"name":"wp","href":"https:\/\/api.w.org\/{rel}","templated":true}]}}