{"id":19598,"date":"2025-12-10T18:05:05","date_gmt":"2025-12-10T17:05:05","guid":{"rendered":"https:\/\/www.cejoanmiro.cat\/ski-weekend-joan-miro-2026\/"},"modified":"2025-12-22T13:19:47","modified_gmt":"2025-12-22T12:19:47","slug":"ski-weekend-joan-miro-2026","status":"publish","type":"post","link":"https:\/\/www.cejoanmiro.cat\/es\/ski-weekend-joan-miro-2026\/","title":{"rendered":"Ski Weekend Joan Mir\u00f3 2026"},"content":{"rendered":"<h2>\u00a1Un fin de semana lleno de deporte, naturaleza y diversi\u00f3n!<\/h2>\n<h3>Del 20 al 22 de febrero<\/h3>\n<p>Este a\u00f1o vuelve una de las actividades m\u00e1s esperadas del CEM Joan Mir\u00f3: \u00a1el Ski Weekend 2026! Tres d\u00edas llenos de emociones, deporte y buen ambiente en el coraz\u00f3n del Pirineo aragon\u00e9s, en la maravillosa estaci\u00f3n de esqu\u00ed de Cerler. <\/p>\n<h2>\u00bfQu\u00e9 incluye?<\/h2>\n<ul>\n<li>2 noches de hotel en Benasque con media pensi\u00f3n (desayuno y cena incluidos).<\/li>\n<li>2 d\u00edas de esqu\u00ed en la estaci\u00f3n de Cerler.<\/li>\n<\/ul>\n<h2>\u00bfQu\u00e9 no incluye?<\/h2>\n<ul>\n<li>Material de esqu\u00ed o snowboard (puedes llevarlo o alquilarlo en la estaci\u00f3n).<\/li>\n<li>Almuerzo en las pistas<\/li>\n<li>Traslados hasta Benasque o Cerler (los desplazamientos corren a cargo propio).<\/li>\n<\/ul>\n<h2>Fechas y detalles<\/h2>\n<ul>\n<li><strong>\u00bfCu\u00e1ndo?<br \/>\n<\/strong>Del 20 al 22 de febrero de 2026<\/li>\n<li><strong>\u00bfD\u00f3nde?<br \/>\n<\/strong>Estaci\u00f3n de esqu\u00ed Cerler, con alojamiento en el precioso pueblo de Benasque.<\/li>\n<li><strong>\u00bfPara qui\u00e9n?<br \/>\n<\/strong>Abierto a todos los socios y amigos del CEM Joan Mir\u00f3. Tanto si vienes solo como en grupo, \u00e9ste es el momento perfecto para disfrutar de una experiencia diferente. <\/li>\n<\/ul>\n<h3>Inscripciones<\/h3>\n<p>\u00a1No te quedes sin plaza! Reserva ahora y aseg\u00farate un fin de semana inolvidable con nosotros. Las plazas son limitadas y muy demandadas, \u00a1as\u00ed que no esperes demasiado!  <\/p>\n<ul>\n<li>Precio <strong>265 \u20ac<\/strong><\/li>\n<li>Reserva de plaza <strong>70 \u20ac<\/strong><\/li>\n<\/ul>\n","protected":false},"excerpt":{"rendered":"<p>\u00a1Un fin de semana lleno de deporte, naturaleza y diversi\u00f3n! Del 20 al 22 de febrero Este a\u00f1o vuelve una de las actividades m\u00e1s esperadas del CEM Joan Mir\u00f3: \u00a1el Ski Weekend 2026! Tres d\u00edas llenos de emociones, deporte y buen ambiente en el coraz\u00f3n del Pirineo aragon\u00e9s, en la maravillosa estaci\u00f3n de esqu\u00ed de [&hellip;]<\/p>\n","protected":false},"author":7,"featured_media":19595,"comment_status":"closed","ping_status":"open","sticky":false,"template":"","format":"standard","meta":{"_et_pb_use_builder":"","_et_pb_old_content":"","_et_gb_content_width":"","footnotes":""},"categories":[289],"tags":[],"class_list":["post-19598","post","type-post","status-publish","format-standard","has-post-thumbnail","hentry","category-comunidad"],"yoast_head":"<!-- This site is optimized with the Yoast SEO plugin v25.2 - https:\/\/yoast.com\/wordpress\/plugins\/seo\/ -->\n<title>Ski Weekend Joan Mir\u00f3 2026 - CEM Joan Mir\u00f3<\/title>\n<meta name=\"description\" content=\"Ski Weekend 2026 del CEM Joan Mir\u00f3 en Cerler: del 20 al 22 de febrero, 2 noches en Benasque y 2 d\u00edas de esqu\u00ed. Plazas limitadas\" \/>\n<meta name=\"robots\" content=\"index, follow, max-snippet:-1, max-image-preview:large, max-video-preview:-1\" \/>\n<link rel=\"canonical\" href=\"https:\/\/www.cejoanmiro.cat\/es\/ski-weekend-joan-miro-2026\/\" \/>\n<meta property=\"og:locale\" content=\"es_ES\" \/>\n<meta property=\"og:type\" content=\"article\" \/>\n<meta property=\"og:title\" content=\"Ski Weekend Joan Mir\u00f3 2026 - CEM Joan Mir\u00f3\" \/>\n<meta property=\"og:description\" content=\"Ski Weekend 2026 del CEM Joan Mir\u00f3 en Cerler: del 20 al 22 de febrero, 2 noches en Benasque y 2 d\u00edas de esqu\u00ed. Plazas limitadas\" \/>\n<meta property=\"og:url\" content=\"https:\/\/www.cejoanmiro.cat\/es\/ski-weekend-joan-miro-2026\/\" \/>\n<meta property=\"og:site_name\" content=\"CEM Joan Mir\u00f3\" \/>\n<meta property=\"article:publisher\" content=\"https:\/\/facebook.com\/cejoanmiro\" \/>\n<meta property=\"article:published_time\" content=\"2025-12-10T17:05:05+00:00\" \/>\n<meta property=\"article:modified_time\" content=\"2025-12-22T12:19:47+00:00\" \/>\n<meta property=\"og:image\" content=\"https:\/\/www.cejoanmiro.cat\/wp-content\/uploads\/2025\/12\/ski-2026.webp\" \/>\n\t<meta property=\"og:image:width\" content=\"800\" \/>\n\t<meta property=\"og:image:height\" content=\"950\" \/>\n\t<meta property=\"og:image:type\" content=\"image\/webp\" \/>\n<meta name=\"author\" content=\"Ramon Sanchez\" \/>\n<meta name=\"twitter:card\" content=\"summary_large_image\" \/>\n<meta name=\"twitter:creator\" content=\"@cejoanmiro\" \/>\n<meta name=\"twitter:site\" content=\"@cejoanmiro\" \/>\n<meta name=\"twitter:label1\" content=\"Escrito por\" \/>\n\t<meta name=\"twitter:data1\" content=\"Ramon Sanchez\" \/>\n\t<meta name=\"twitter:label2\" content=\"Tiempo de lectura\" \/>\n\t<meta name=\"twitter:data2\" content=\"1 minuto\" \/>\n<script type=\"application\/ld+json\" class=\"yoast-schema-graph\">{\"@context\":\"https:\/\/schema.org\",\"@graph\":[{\"@type\":\"Article\",\"@id\":\"https:\/\/www.cejoanmiro.cat\/es\/ski-weekend-joan-miro-2026\/#article\",\"isPartOf\":{\"@id\":\"https:\/\/www.cejoanmiro.cat\/es\/ski-weekend-joan-miro-2026\/\"},\"author\":{\"name\":\"Ramon Sanchez\",\"@id\":\"https:\/\/www.cejoanmiro.cat\/es\/#\/schema\/person\/74cab1ad502c650231539ce764399ac3\"},\"headline\":\"Ski Weekend Joan Mir\u00f3 2026\",\"datePublished\":\"2025-12-10T17:05:05+00:00\",\"dateModified\":\"2025-12-22T12:19:47+00:00\",\"mainEntityOfPage\":{\"@id\":\"https:\/\/www.cejoanmiro.cat\/es\/ski-weekend-joan-miro-2026\/\"},\"wordCount\":211,\"publisher\":{\"@id\":\"https:\/\/www.cejoanmiro.cat\/es\/#organization\"},\"image\":{\"@id\":\"https:\/\/www.cejoanmiro.cat\/es\/ski-weekend-joan-miro-2026\/#primaryimage\"},\"thumbnailUrl\":\"https:\/\/www.cejoanmiro.cat\/wp-content\/uploads\/2025\/12\/ski-2026.webp\",\"articleSection\":[\"Comunidad\"],\"inLanguage\":\"es\"},{\"@type\":\"WebPage\",\"@id\":\"https:\/\/www.cejoanmiro.cat\/es\/ski-weekend-joan-miro-2026\/\",\"url\":\"https:\/\/www.cejoanmiro.cat\/es\/ski-weekend-joan-miro-2026\/\",\"name\":\"Ski Weekend Joan Mir\u00f3 2026 - CEM Joan Mir\u00f3\",\"isPartOf\":{\"@id\":\"https:\/\/www.cejoanmiro.cat\/es\/#website\"},\"primaryImageOfPage\":{\"@id\":\"https:\/\/www.cejoanmiro.cat\/es\/ski-weekend-joan-miro-2026\/#primaryimage\"},\"image\":{\"@id\":\"https:\/\/www.cejoanmiro.cat\/es\/ski-weekend-joan-miro-2026\/#primaryimage\"},\"thumbnailUrl\":\"https:\/\/www.cejoanmiro.cat\/wp-content\/uploads\/2025\/12\/ski-2026.webp\",\"datePublished\":\"2025-12-10T17:05:05+00:00\",\"dateModified\":\"2025-12-22T12:19:47+00:00\",\"description\":\"Ski Weekend 2026 del CEM Joan Mir\u00f3 en Cerler: del 20 al 22 de febrero, 2 noches en Benasque y 2 d\u00edas de esqu\u00ed. Plazas limitadas\",\"breadcrumb\":{\"@id\":\"https:\/\/www.cejoanmiro.cat\/es\/ski-weekend-joan-miro-2026\/#breadcrumb\"},\"inLanguage\":\"es\",\"potentialAction\":[{\"@type\":\"ReadAction\",\"target\":[\"https:\/\/www.cejoanmiro.cat\/es\/ski-weekend-joan-miro-2026\/\"]}]},{\"@type\":\"ImageObject\",\"inLanguage\":\"es\",\"@id\":\"https:\/\/www.cejoanmiro.cat\/es\/ski-weekend-joan-miro-2026\/#primaryimage\",\"url\":\"https:\/\/www.cejoanmiro.cat\/wp-content\/uploads\/2025\/12\/ski-2026.webp\",\"contentUrl\":\"https:\/\/www.cejoanmiro.cat\/wp-content\/uploads\/2025\/12\/ski-2026.webp\",\"width\":800,\"height\":950,\"caption\":\"Ski Cerler 2026\"},{\"@type\":\"BreadcrumbList\",\"@id\":\"https:\/\/www.cejoanmiro.cat\/es\/ski-weekend-joan-miro-2026\/#breadcrumb\",\"itemListElement\":[{\"@type\":\"ListItem\",\"position\":1,\"name\":\"Inici\",\"item\":\"https:\/\/www.cejoanmiro.cat\/es\/home-3\/\"},{\"@type\":\"ListItem\",\"position\":2,\"name\":\"Ski Weekend Joan Mir\u00f3 2026\"}]},{\"@type\":\"WebSite\",\"@id\":\"https:\/\/www.cejoanmiro.cat\/es\/#website\",\"url\":\"https:\/\/www.cejoanmiro.cat\/es\/\",\"name\":\"CEM Joan Mir\u00f3\",\"description\":\"El teu gimn\u00e0s a Barcelona\",\"publisher\":{\"@id\":\"https:\/\/www.cejoanmiro.cat\/es\/#organization\"},\"potentialAction\":[{\"@type\":\"SearchAction\",\"target\":{\"@type\":\"EntryPoint\",\"urlTemplate\":\"https:\/\/www.cejoanmiro.cat\/es\/?s={search_term_string}\"},\"query-input\":{\"@type\":\"PropertyValueSpecification\",\"valueRequired\":true,\"valueName\":\"search_term_string\"}}],\"inLanguage\":\"es\"},{\"@type\":\"Organization\",\"@id\":\"https:\/\/www.cejoanmiro.cat\/es\/#organization\",\"name\":\"CEM Joan Mir\u00f3\",\"url\":\"https:\/\/www.cejoanmiro.cat\/es\/\",\"logo\":{\"@type\":\"ImageObject\",\"inLanguage\":\"es\",\"@id\":\"https:\/\/www.cejoanmiro.cat\/es\/#\/schema\/logo\/image\/\",\"url\":\"https:\/\/www.cejoanmiro.cat\/wp-content\/uploads\/2021\/09\/Icono_cemJoanMiro.png\",\"contentUrl\":\"https:\/\/www.cejoanmiro.cat\/wp-content\/uploads\/2021\/09\/Icono_cemJoanMiro.png\",\"width\":512,\"height\":512,\"caption\":\"CEM Joan Mir\u00f3\"},\"image\":{\"@id\":\"https:\/\/www.cejoanmiro.cat\/es\/#\/schema\/logo\/image\/\"},\"sameAs\":[\"https:\/\/facebook.com\/cejoanmiro\",\"https:\/\/x.com\/cejoanmiro\",\"https:\/\/www.instagram.com\/cemjoanmiro\/\"]},{\"@type\":\"Person\",\"@id\":\"https:\/\/www.cejoanmiro.cat\/es\/#\/schema\/person\/74cab1ad502c650231539ce764399ac3\",\"name\":\"Ramon Sanchez\",\"image\":{\"@type\":\"ImageObject\",\"inLanguage\":\"es\",\"@id\":\"https:\/\/www.cejoanmiro.cat\/es\/#\/schema\/person\/image\/\",\"url\":\"https:\/\/www.cejoanmiro.cat\/wp-content\/litespeed\/avatar\/98b68ae003526c998c0e6556bf127d1e.jpg?ver=1777323608\",\"contentUrl\":\"https:\/\/www.cejoanmiro.cat\/wp-content\/litespeed\/avatar\/98b68ae003526c998c0e6556bf127d1e.jpg?ver=1777323608\",\"caption\":\"Ramon Sanchez\"},\"url\":\"https:\/\/www.cejoanmiro.cat\/es\/author\/ramon\/\"}]}<\/script>\n<!-- \/ Yoast SEO plugin. -->","yoast_head_json":{"title":"Ski Weekend Joan Mir\u00f3 2026 - CEM Joan Mir\u00f3","description":"Ski Weekend 2026 del CEM Joan Mir\u00f3 en Cerler: del 20 al 22 de febrero, 2 noches en Benasque y 2 d\u00edas de esqu\u00ed. Plazas limitadas","robots":{"index":"index","follow":"follow","max-snippet":"max-snippet:-1","max-image-preview":"max-image-preview:large","max-video-preview":"max-video-preview:-1"},"canonical":"https:\/\/www.cejoanmiro.cat\/es\/ski-weekend-joan-miro-2026\/","og_locale":"es_ES","og_type":"article","og_title":"Ski Weekend Joan Mir\u00f3 2026 - CEM Joan Mir\u00f3","og_description":"Ski Weekend 2026 del CEM Joan Mir\u00f3 en Cerler: del 20 al 22 de febrero, 2 noches en Benasque y 2 d\u00edas de esqu\u00ed. Plazas limitadas","og_url":"https:\/\/www.cejoanmiro.cat\/es\/ski-weekend-joan-miro-2026\/","og_site_name":"CEM Joan Mir\u00f3","article_publisher":"https:\/\/facebook.com\/cejoanmiro","article_published_time":"2025-12-10T17:05:05+00:00","article_modified_time":"2025-12-22T12:19:47+00:00","og_image":[{"width":800,"height":950,"url":"https:\/\/www.cejoanmiro.cat\/wp-content\/uploads\/2025\/12\/ski-2026.webp","type":"image\/webp"}],"author":"Ramon Sanchez","twitter_card":"summary_large_image","twitter_creator":"@cejoanmiro","twitter_site":"@cejoanmiro","twitter_misc":{"Escrito por":"Ramon Sanchez","Tiempo de lectura":"1 minuto"},"schema":{"@context":"https:\/\/schema.org","@graph":[{"@type":"Article","@id":"https:\/\/www.cejoanmiro.cat\/es\/ski-weekend-joan-miro-2026\/#article","isPartOf":{"@id":"https:\/\/www.cejoanmiro.cat\/es\/ski-weekend-joan-miro-2026\/"},"author":{"name":"Ramon Sanchez","@id":"https:\/\/www.cejoanmiro.cat\/es\/#\/schema\/person\/74cab1ad502c650231539ce764399ac3"},"headline":"Ski Weekend Joan Mir\u00f3 2026","datePublished":"2025-12-10T17:05:05+00:00","dateModified":"2025-12-22T12:19:47+00:00","mainEntityOfPage":{"@id":"https:\/\/www.cejoanmiro.cat\/es\/ski-weekend-joan-miro-2026\/"},"wordCount":211,"publisher":{"@id":"https:\/\/www.cejoanmiro.cat\/es\/#organization"},"image":{"@id":"https:\/\/www.cejoanmiro.cat\/es\/ski-weekend-joan-miro-2026\/#primaryimage"},"thumbnailUrl":"https:\/\/www.cejoanmiro.cat\/wp-content\/uploads\/2025\/12\/ski-2026.webp","articleSection":["Comunidad"],"inLanguage":"es"},{"@type":"WebPage","@id":"https:\/\/www.cejoanmiro.cat\/es\/ski-weekend-joan-miro-2026\/","url":"https:\/\/www.cejoanmiro.cat\/es\/ski-weekend-joan-miro-2026\/","name":"Ski Weekend Joan Mir\u00f3 2026 - CEM Joan Mir\u00f3","isPartOf":{"@id":"https:\/\/www.cejoanmiro.cat\/es\/#website"},"primaryImageOfPage":{"@id":"https:\/\/www.cejoanmiro.cat\/es\/ski-weekend-joan-miro-2026\/#primaryimage"},"image":{"@id":"https:\/\/www.cejoanmiro.cat\/es\/ski-weekend-joan-miro-2026\/#primaryimage"},"thumbnailUrl":"https:\/\/www.cejoanmiro.cat\/wp-content\/uploads\/2025\/12\/ski-2026.webp","datePublished":"2025-12-10T17:05:05+00:00","dateModified":"2025-12-22T12:19:47+00:00","description":"Ski Weekend 2026 del CEM Joan Mir\u00f3 en Cerler: del 20 al 22 de febrero, 2 noches en Benasque y 2 d\u00edas de esqu\u00ed. Plazas limitadas","breadcrumb":{"@id":"https:\/\/www.cejoanmiro.cat\/es\/ski-weekend-joan-miro-2026\/#breadcrumb"},"inLanguage":"es","potentialAction":[{"@type":"ReadAction","target":["https:\/\/www.cejoanmiro.cat\/es\/ski-weekend-joan-miro-2026\/"]}]},{"@type":"ImageObject","inLanguage":"es","@id":"https:\/\/www.cejoanmiro.cat\/es\/ski-weekend-joan-miro-2026\/#primaryimage","url":"https:\/\/www.cejoanmiro.cat\/wp-content\/uploads\/2025\/12\/ski-2026.webp","contentUrl":"https:\/\/www.cejoanmiro.cat\/wp-content\/uploads\/2025\/12\/ski-2026.webp","width":800,"height":950,"caption":"Ski Cerler 2026"},{"@type":"BreadcrumbList","@id":"https:\/\/www.cejoanmiro.cat\/es\/ski-weekend-joan-miro-2026\/#breadcrumb","itemListElement":[{"@type":"ListItem","position":1,"name":"Inici","item":"https:\/\/www.cejoanmiro.cat\/es\/home-3\/"},{"@type":"ListItem","position":2,"name":"Ski Weekend Joan Mir\u00f3 2026"}]},{"@type":"WebSite","@id":"https:\/\/www.cejoanmiro.cat\/es\/#website","url":"https:\/\/www.cejoanmiro.cat\/es\/","name":"CEM Joan Mir\u00f3","description":"El teu gimn\u00e0s a Barcelona","publisher":{"@id":"https:\/\/www.cejoanmiro.cat\/es\/#organization"},"potentialAction":[{"@type":"SearchAction","target":{"@type":"EntryPoint","urlTemplate":"https:\/\/www.cejoanmiro.cat\/es\/?s={search_term_string}"},"query-input":{"@type":"PropertyValueSpecification","valueRequired":true,"valueName":"search_term_string"}}],"inLanguage":"es"},{"@type":"Organization","@id":"https:\/\/www.cejoanmiro.cat\/es\/#organization","name":"CEM Joan Mir\u00f3","url":"https:\/\/www.cejoanmiro.cat\/es\/","logo":{"@type":"ImageObject","inLanguage":"es","@id":"https:\/\/www.cejoanmiro.cat\/es\/#\/schema\/logo\/image\/","url":"https:\/\/www.cejoanmiro.cat\/wp-content\/uploads\/2021\/09\/Icono_cemJoanMiro.png","contentUrl":"https:\/\/www.cejoanmiro.cat\/wp-content\/uploads\/2021\/09\/Icono_cemJoanMiro.png","width":512,"height":512,"caption":"CEM Joan Mir\u00f3"},"image":{"@id":"https:\/\/www.cejoanmiro.cat\/es\/#\/schema\/logo\/image\/"},"sameAs":["https:\/\/facebook.com\/cejoanmiro","https:\/\/x.com\/cejoanmiro","https:\/\/www.instagram.com\/cemjoanmiro\/"]},{"@type":"Person","@id":"https:\/\/www.cejoanmiro.cat\/es\/#\/schema\/person\/74cab1ad502c650231539ce764399ac3","name":"Ramon Sanchez","image":{"@type":"ImageObject","inLanguage":"es","@id":"https:\/\/www.cejoanmiro.cat\/es\/#\/schema\/person\/image\/","url":"https:\/\/www.cejoanmiro.cat\/wp-content\/litespeed\/avatar\/98b68ae003526c998c0e6556bf127d1e.jpg?ver=1777323608","contentUrl":"https:\/\/www.cejoanmiro.cat\/wp-content\/litespeed\/avatar\/98b68ae003526c998c0e6556bf127d1e.jpg?ver=1777323608","caption":"Ramon Sanchez"},"url":"https:\/\/www.cejoanmiro.cat\/es\/author\/ramon\/"}]}},"_links":{"self":[{"href":"https:\/\/www.cejoanmiro.cat\/es\/wp-json\/wp\/v2\/posts\/19598","targetHints":{"allow":["GET"]}}],"collection":[{"href":"https:\/\/www.cejoanmiro.cat\/es\/wp-json\/wp\/v2\/posts"}],"about":[{"href":"https:\/\/www.cejoanmiro.cat\/es\/wp-json\/wp\/v2\/types\/post"}],"author":[{"embeddable":true,"href":"https:\/\/www.cejoanmiro.cat\/es\/wp-json\/wp\/v2\/users\/7"}],"replies":[{"embeddable":true,"href":"https:\/\/www.cejoanmiro.cat\/es\/wp-json\/wp\/v2\/comments?post=19598"}],"version-history":[{"count":0,"href":"https:\/\/www.cejoanmiro.cat\/es\/wp-json\/wp\/v2\/posts\/19598\/revisions"}],"wp:featuredmedia":[{"embeddable":true,"href":"https:\/\/www.cejoanmiro.cat\/es\/wp-json\/wp\/v2\/media\/19595"}],"wp:attachment":[{"href":"https:\/\/www.cejoanmiro.cat\/es\/wp-json\/wp\/v2\/media?parent=19598"}],"wp:term":[{"taxonomy":"category","embeddable":true,"href":"https:\/\/www.cejoanmiro.cat\/es\/wp-json\/wp\/v2\/categories?post=19598"},{"taxonomy":"post_tag","embeddable":true,"href":"https:\/\/www.cejoanmiro.cat\/es\/wp-json\/wp\/v2\/tags?post=19598"}],"curies":[{"name":"wp","href":"https:\/\/api.w.org\/{rel}","templated":true}]}}