{"id":19673,"date":"2026-03-23T14:28:13","date_gmt":"2026-03-23T13:28:13","guid":{"rendered":"https:\/\/www.cejoanmiro.cat\/mirolab-el-laboratorio-de-salud-funcional-y-longevidad-del-cem-joan-miro\/"},"modified":"2026-03-23T14:28:13","modified_gmt":"2026-03-23T13:28:13","slug":"mirolab-el-laboratorio-de-salud-funcional-y-longevidad-del-cem-joan-miro","status":"publish","type":"post","link":"https:\/\/www.cejoanmiro.cat\/es\/mirolab-el-laboratorio-de-salud-funcional-y-longevidad-del-cem-joan-miro\/","title":{"rendered":"MIR\u00d3LAB: el laboratorio de salud funcional y longevidad del CEM Joan Mir\u00f3"},"content":{"rendered":"<p>El CEM Joan Mir\u00f3 presenta MIR\u00d3LAB, un nuevo espacio dedicado a la salud funcional y la longevidad que redefine la forma de entender el entrenamiento y el bienestar. Este proyecto nace con la voluntad de acercar a la ciudadan\u00eda metodolog\u00edas propias de la ciencia aplicada y del alto rendimiento, adaptadas a un entorno no cl\u00ednico y orientadas a mejorar la calidad de vida de forma sostenible. <\/p>\n<p>En un contexto en el que el fitness evoluciona hacia una visi\u00f3n m\u00e1s global de la salud, MIR\u00d3LAB se posiciona como una propuesta innovadora que va m\u00e1s all\u00e1 del entrenamiento convencional. No se trata solo de moverse, sino de comprender c\u00f3mo funciona el cuerpo, c\u00f3mo responde a los est\u00edmulos y c\u00f3mo puede optimizarse mediante un enfoque estructurado y basado en evidencia. <\/p>\n<p>MIR\u00d3LAB no es un gimnasio convencional ni un centro m\u00e9dico, sino un espacio de trabajo donde cada intervenci\u00f3n se construye a partir de datos objetivos y un seguimiento continuo. Este planteamiento permite alejarse de soluciones gen\u00e9ricas y apostar por un modelo verdaderamente personalizado, en el que cada persona es analizada y acompa\u00f1ada seg\u00fan su realidad fisiol\u00f3gica. <\/p>\n<p><img decoding=\"async\" class=\"size-full wp-image-19665 aligncenter\" src=\"https:\/\/www.cejoanmiro.cat\/wp-content\/uploads\/2026\/03\/MiroLAB-2.webp\" alt=\"Mirolab\" width=\"950\" height=\"531\" srcset=\"https:\/\/www.cejoanmiro.cat\/wp-content\/uploads\/2026\/03\/MiroLAB-2.webp 950w, https:\/\/www.cejoanmiro.cat\/wp-content\/uploads\/2026\/03\/MiroLAB-2-480x268.webp 480w\" sizes=\"(min-width: 0px) and (max-width: 480px) 480px, (min-width: 481px) 950px, 100vw\" \/><\/p>\n<h2>Un modelo basado en datos y personalizaci\u00f3n<\/h2>\n<p>El punto de partida de MIR\u00d3LAB es una valoraci\u00f3n fisiol\u00f3gica completa que permite conocer con precisi\u00f3n el estado inicial de cada usuario. Este an\u00e1lisis no solo identifica el nivel de condici\u00f3n f\u00edsica, sino tambi\u00e9n posibles desequilibrios, limitaciones o \u00e1reas de mejora. <\/p>\n<p>A partir de esta informaci\u00f3n, se define una prescripci\u00f3n individualizada que integra ejercicio, nutrici\u00f3n y regulaci\u00f3n del sistema nervioso, tres pilares fundamentales para una salud \u00f3ptima. El modelo se organiza en torno a seis grandes sistemas fisiol\u00f3gicos: oxidativo, cardiovascular-respiratorio, neurovegetativo, metab\u00f3lico, estructural-muscular e inflamatorio-endocrino. <\/p>\n<p>Esta clasificaci\u00f3n permite entender el cuerpo de forma global y, al mismo tiempo, intervenir de manera espec\u00edfica sobre aquellos sistemas que requieren mayor atenci\u00f3n. El resultado son programas adaptados a la realidad funcional de cada persona y que evolucionan en funci\u00f3n de su respuesta. <\/p>\n<p>La tecnolog\u00eda juega un papel clave en este proceso. MIR\u00d3LAB integra sistemas de medici\u00f3n avanzada y herramientas digitales que permiten registrar, analizar e interpretar datos de forma continua. Esto se traduce en decisiones m\u00e1s precisas y en una evoluci\u00f3n medible, aportando rigor y transparencia a todo el proceso.  <\/p>\n<h2>Innovaci\u00f3n al servicio de la salud y la longevidad<\/h2>\n<p>MIR\u00d3LAB se sit\u00faa en el \u00e1mbito preventivo y funcional, orientado a personas que buscan mejorar su capacidad f\u00edsica, metab\u00f3lica y adaptativa sin necesidad de partir de una patolog\u00eda. Es un espacio pensado para quienes entienden el entrenamiento como una herramienta para vivir mejor, con m\u00e1s energ\u00eda y con mayor calidad de vida a lo largo de los a\u00f1os. <\/p>\n<p>Este enfoque conecta con una de las principales tendencias actuales del sector: la longevidad. No se trata solo de vivir m\u00e1s tiempo, sino de hacerlo en buenas condiciones, manteniendo la autonom\u00eda, la vitalidad y el bienestar. <\/p>\n<p>Con la puesta en marcha de MIR\u00d3LAB, el CEM Joan Mir\u00f3 refuerza su apuesta por la innovaci\u00f3n y por un modelo de fitness basado en la ciencia y la personalizaci\u00f3n. Este proyecto contribuye tambi\u00e9n a posicionar Barcelona como un referente en salud aplicada, integrando conocimiento, tecnolog\u00eda y experiencia de usuario en un mismo espacio. <\/p>\n<p>MIR\u00d3LAB representa, en definitiva, una nueva manera de entrenar: m\u00e1s consciente, m\u00e1s precisa y orientada no solo al rendimiento, sino a construir salud a largo plazo.<\/p>\n","protected":false},"excerpt":{"rendered":"<p>El CEM Joan Mir\u00f3 presenta MIR\u00d3LAB, un nuevo espacio dedicado a la salud funcional y la longevidad que redefine la forma de entender el entrenamiento y el bienestar. Este proyecto nace con la voluntad de acercar a la ciudadan\u00eda metodolog\u00edas propias de la ciencia aplicada y del alto rendimiento, adaptadas a un entorno no cl\u00ednico [&hellip;]<\/p>\n","protected":false},"author":7,"featured_media":19670,"comment_status":"closed","ping_status":"open","sticky":false,"template":"","format":"standard","meta":{"_et_pb_use_builder":"","_et_pb_old_content":"","_et_gb_content_width":"","footnotes":""},"categories":[289],"tags":[],"class_list":["post-19673","post","type-post","status-publish","format-standard","has-post-thumbnail","hentry","category-comunidad"],"yoast_head":"<!-- This site is optimized with the Yoast SEO plugin v25.2 - https:\/\/yoast.com\/wordpress\/plugins\/seo\/ -->\n<title>MIR\u00d3LAB: el laboratorio de salud funcional y longevidad del CEM Joan Mir\u00f3 - CEM Joan Mir\u00f3<\/title>\n<meta name=\"description\" content=\"MIR\u00d3LAB, el nuevo laboratorio de salud funcional y longevidad del CEM Joan Mir\u00f3: entrenamiento personalizado basado en datos, tecnolog\u00eda y ciencia aplicada\" \/>\n<meta name=\"robots\" content=\"index, follow, max-snippet:-1, max-image-preview:large, max-video-preview:-1\" \/>\n<link rel=\"canonical\" href=\"https:\/\/www.cejoanmiro.cat\/es\/mirolab-el-laboratorio-de-salud-funcional-y-longevidad-del-cem-joan-miro\/\" \/>\n<meta property=\"og:locale\" content=\"es_ES\" \/>\n<meta property=\"og:type\" content=\"article\" \/>\n<meta property=\"og:title\" content=\"MIR\u00d3LAB: el laboratorio de salud funcional y longevidad del CEM Joan Mir\u00f3 - CEM Joan Mir\u00f3\" \/>\n<meta property=\"og:description\" content=\"MIR\u00d3LAB, el nuevo laboratorio de salud funcional y longevidad del CEM Joan Mir\u00f3: entrenamiento personalizado basado en datos, tecnolog\u00eda y ciencia aplicada\" \/>\n<meta property=\"og:url\" content=\"https:\/\/www.cejoanmiro.cat\/es\/mirolab-el-laboratorio-de-salud-funcional-y-longevidad-del-cem-joan-miro\/\" \/>\n<meta property=\"og:site_name\" content=\"CEM Joan Mir\u00f3\" \/>\n<meta property=\"article:publisher\" content=\"https:\/\/facebook.com\/cejoanmiro\" \/>\n<meta property=\"article:published_time\" content=\"2026-03-23T13:28:13+00:00\" \/>\n<meta property=\"og:image\" content=\"https:\/\/www.cejoanmiro.cat\/wp-content\/uploads\/2026\/03\/MiroLAB.webp\" \/>\n\t<meta property=\"og:image:width\" content=\"800\" \/>\n\t<meta property=\"og:image:height\" content=\"950\" \/>\n\t<meta property=\"og:image:type\" content=\"image\/webp\" \/>\n<meta name=\"author\" content=\"Ramon Sanchez\" \/>\n<meta name=\"twitter:card\" content=\"summary_large_image\" \/>\n<meta name=\"twitter:creator\" content=\"@cejoanmiro\" \/>\n<meta name=\"twitter:site\" content=\"@cejoanmiro\" \/>\n<meta name=\"twitter:label1\" content=\"Escrito por\" \/>\n\t<meta name=\"twitter:data1\" content=\"Ramon Sanchez\" \/>\n\t<meta name=\"twitter:label2\" content=\"Tiempo de lectura\" \/>\n\t<meta name=\"twitter:data2\" content=\"3 minutos\" \/>\n<script type=\"application\/ld+json\" class=\"yoast-schema-graph\">{\"@context\":\"https:\/\/schema.org\",\"@graph\":[{\"@type\":\"Article\",\"@id\":\"https:\/\/www.cejoanmiro.cat\/es\/mirolab-el-laboratorio-de-salud-funcional-y-longevidad-del-cem-joan-miro\/#article\",\"isPartOf\":{\"@id\":\"https:\/\/www.cejoanmiro.cat\/es\/mirolab-el-laboratorio-de-salud-funcional-y-longevidad-del-cem-joan-miro\/\"},\"author\":{\"name\":\"Ramon Sanchez\",\"@id\":\"https:\/\/www.cejoanmiro.cat\/es\/#\/schema\/person\/74cab1ad502c650231539ce764399ac3\"},\"headline\":\"MIR\u00d3LAB: el laboratorio de salud funcional y longevidad del CEM Joan Mir\u00f3\",\"datePublished\":\"2026-03-23T13:28:13+00:00\",\"mainEntityOfPage\":{\"@id\":\"https:\/\/www.cejoanmiro.cat\/es\/mirolab-el-laboratorio-de-salud-funcional-y-longevidad-del-cem-joan-miro\/\"},\"wordCount\":625,\"publisher\":{\"@id\":\"https:\/\/www.cejoanmiro.cat\/es\/#organization\"},\"image\":{\"@id\":\"https:\/\/www.cejoanmiro.cat\/es\/mirolab-el-laboratorio-de-salud-funcional-y-longevidad-del-cem-joan-miro\/#primaryimage\"},\"thumbnailUrl\":\"https:\/\/www.cejoanmiro.cat\/wp-content\/uploads\/2026\/03\/MiroLAB.webp\",\"articleSection\":[\"Comunidad\"],\"inLanguage\":\"es\"},{\"@type\":\"WebPage\",\"@id\":\"https:\/\/www.cejoanmiro.cat\/es\/mirolab-el-laboratorio-de-salud-funcional-y-longevidad-del-cem-joan-miro\/\",\"url\":\"https:\/\/www.cejoanmiro.cat\/es\/mirolab-el-laboratorio-de-salud-funcional-y-longevidad-del-cem-joan-miro\/\",\"name\":\"MIR\u00d3LAB: el laboratorio de salud funcional y longevidad del CEM Joan Mir\u00f3 - CEM Joan Mir\u00f3\",\"isPartOf\":{\"@id\":\"https:\/\/www.cejoanmiro.cat\/es\/#website\"},\"primaryImageOfPage\":{\"@id\":\"https:\/\/www.cejoanmiro.cat\/es\/mirolab-el-laboratorio-de-salud-funcional-y-longevidad-del-cem-joan-miro\/#primaryimage\"},\"image\":{\"@id\":\"https:\/\/www.cejoanmiro.cat\/es\/mirolab-el-laboratorio-de-salud-funcional-y-longevidad-del-cem-joan-miro\/#primaryimage\"},\"thumbnailUrl\":\"https:\/\/www.cejoanmiro.cat\/wp-content\/uploads\/2026\/03\/MiroLAB.webp\",\"datePublished\":\"2026-03-23T13:28:13+00:00\",\"description\":\"MIR\u00d3LAB, el nuevo laboratorio de salud funcional y longevidad del CEM Joan Mir\u00f3: entrenamiento personalizado basado en datos, tecnolog\u00eda y ciencia aplicada\",\"breadcrumb\":{\"@id\":\"https:\/\/www.cejoanmiro.cat\/es\/mirolab-el-laboratorio-de-salud-funcional-y-longevidad-del-cem-joan-miro\/#breadcrumb\"},\"inLanguage\":\"es\",\"potentialAction\":[{\"@type\":\"ReadAction\",\"target\":[\"https:\/\/www.cejoanmiro.cat\/es\/mirolab-el-laboratorio-de-salud-funcional-y-longevidad-del-cem-joan-miro\/\"]}]},{\"@type\":\"ImageObject\",\"inLanguage\":\"es\",\"@id\":\"https:\/\/www.cejoanmiro.cat\/es\/mirolab-el-laboratorio-de-salud-funcional-y-longevidad-del-cem-joan-miro\/#primaryimage\",\"url\":\"https:\/\/www.cejoanmiro.cat\/wp-content\/uploads\/2026\/03\/MiroLAB.webp\",\"contentUrl\":\"https:\/\/www.cejoanmiro.cat\/wp-content\/uploads\/2026\/03\/MiroLAB.webp\",\"width\":800,\"height\":950,\"caption\":\"Mirolab\"},{\"@type\":\"BreadcrumbList\",\"@id\":\"https:\/\/www.cejoanmiro.cat\/es\/mirolab-el-laboratorio-de-salud-funcional-y-longevidad-del-cem-joan-miro\/#breadcrumb\",\"itemListElement\":[{\"@type\":\"ListItem\",\"position\":1,\"name\":\"Inici\",\"item\":\"https:\/\/www.cejoanmiro.cat\/es\/home-3\/\"},{\"@type\":\"ListItem\",\"position\":2,\"name\":\"MIR\u00d3LAB: el laboratorio de salud funcional y longevidad del CEM Joan Mir\u00f3\"}]},{\"@type\":\"WebSite\",\"@id\":\"https:\/\/www.cejoanmiro.cat\/es\/#website\",\"url\":\"https:\/\/www.cejoanmiro.cat\/es\/\",\"name\":\"CEM Joan Mir\u00f3\",\"description\":\"El teu gimn\u00e0s a Barcelona\",\"publisher\":{\"@id\":\"https:\/\/www.cejoanmiro.cat\/es\/#organization\"},\"potentialAction\":[{\"@type\":\"SearchAction\",\"target\":{\"@type\":\"EntryPoint\",\"urlTemplate\":\"https:\/\/www.cejoanmiro.cat\/es\/?s={search_term_string}\"},\"query-input\":{\"@type\":\"PropertyValueSpecification\",\"valueRequired\":true,\"valueName\":\"search_term_string\"}}],\"inLanguage\":\"es\"},{\"@type\":\"Organization\",\"@id\":\"https:\/\/www.cejoanmiro.cat\/es\/#organization\",\"name\":\"CEM Joan Mir\u00f3\",\"url\":\"https:\/\/www.cejoanmiro.cat\/es\/\",\"logo\":{\"@type\":\"ImageObject\",\"inLanguage\":\"es\",\"@id\":\"https:\/\/www.cejoanmiro.cat\/es\/#\/schema\/logo\/image\/\",\"url\":\"https:\/\/www.cejoanmiro.cat\/wp-content\/uploads\/2021\/09\/Icono_cemJoanMiro.png\",\"contentUrl\":\"https:\/\/www.cejoanmiro.cat\/wp-content\/uploads\/2021\/09\/Icono_cemJoanMiro.png\",\"width\":512,\"height\":512,\"caption\":\"CEM Joan Mir\u00f3\"},\"image\":{\"@id\":\"https:\/\/www.cejoanmiro.cat\/es\/#\/schema\/logo\/image\/\"},\"sameAs\":[\"https:\/\/facebook.com\/cejoanmiro\",\"https:\/\/x.com\/cejoanmiro\",\"https:\/\/www.instagram.com\/cemjoanmiro\/\"]},{\"@type\":\"Person\",\"@id\":\"https:\/\/www.cejoanmiro.cat\/es\/#\/schema\/person\/74cab1ad502c650231539ce764399ac3\",\"name\":\"Ramon Sanchez\",\"image\":{\"@type\":\"ImageObject\",\"inLanguage\":\"es\",\"@id\":\"https:\/\/www.cejoanmiro.cat\/es\/#\/schema\/person\/image\/\",\"url\":\"https:\/\/www.cejoanmiro.cat\/wp-content\/litespeed\/avatar\/98b68ae003526c998c0e6556bf127d1e.jpg?ver=1777323608\",\"contentUrl\":\"https:\/\/www.cejoanmiro.cat\/wp-content\/litespeed\/avatar\/98b68ae003526c998c0e6556bf127d1e.jpg?ver=1777323608\",\"caption\":\"Ramon Sanchez\"},\"url\":\"https:\/\/www.cejoanmiro.cat\/es\/author\/ramon\/\"}]}<\/script>\n<!-- \/ Yoast SEO plugin. -->","yoast_head_json":{"title":"MIR\u00d3LAB: el laboratorio de salud funcional y longevidad del CEM Joan Mir\u00f3 - CEM Joan Mir\u00f3","description":"MIR\u00d3LAB, el nuevo laboratorio de salud funcional y longevidad del CEM Joan Mir\u00f3: entrenamiento personalizado basado en datos, tecnolog\u00eda y ciencia aplicada","robots":{"index":"index","follow":"follow","max-snippet":"max-snippet:-1","max-image-preview":"max-image-preview:large","max-video-preview":"max-video-preview:-1"},"canonical":"https:\/\/www.cejoanmiro.cat\/es\/mirolab-el-laboratorio-de-salud-funcional-y-longevidad-del-cem-joan-miro\/","og_locale":"es_ES","og_type":"article","og_title":"MIR\u00d3LAB: el laboratorio de salud funcional y longevidad del CEM Joan Mir\u00f3 - CEM Joan Mir\u00f3","og_description":"MIR\u00d3LAB, el nuevo laboratorio de salud funcional y longevidad del CEM Joan Mir\u00f3: entrenamiento personalizado basado en datos, tecnolog\u00eda y ciencia aplicada","og_url":"https:\/\/www.cejoanmiro.cat\/es\/mirolab-el-laboratorio-de-salud-funcional-y-longevidad-del-cem-joan-miro\/","og_site_name":"CEM Joan Mir\u00f3","article_publisher":"https:\/\/facebook.com\/cejoanmiro","article_published_time":"2026-03-23T13:28:13+00:00","og_image":[{"width":800,"height":950,"url":"https:\/\/www.cejoanmiro.cat\/wp-content\/uploads\/2026\/03\/MiroLAB.webp","type":"image\/webp"}],"author":"Ramon Sanchez","twitter_card":"summary_large_image","twitter_creator":"@cejoanmiro","twitter_site":"@cejoanmiro","twitter_misc":{"Escrito por":"Ramon Sanchez","Tiempo de lectura":"3 minutos"},"schema":{"@context":"https:\/\/schema.org","@graph":[{"@type":"Article","@id":"https:\/\/www.cejoanmiro.cat\/es\/mirolab-el-laboratorio-de-salud-funcional-y-longevidad-del-cem-joan-miro\/#article","isPartOf":{"@id":"https:\/\/www.cejoanmiro.cat\/es\/mirolab-el-laboratorio-de-salud-funcional-y-longevidad-del-cem-joan-miro\/"},"author":{"name":"Ramon Sanchez","@id":"https:\/\/www.cejoanmiro.cat\/es\/#\/schema\/person\/74cab1ad502c650231539ce764399ac3"},"headline":"MIR\u00d3LAB: el laboratorio de salud funcional y longevidad del CEM Joan Mir\u00f3","datePublished":"2026-03-23T13:28:13+00:00","mainEntityOfPage":{"@id":"https:\/\/www.cejoanmiro.cat\/es\/mirolab-el-laboratorio-de-salud-funcional-y-longevidad-del-cem-joan-miro\/"},"wordCount":625,"publisher":{"@id":"https:\/\/www.cejoanmiro.cat\/es\/#organization"},"image":{"@id":"https:\/\/www.cejoanmiro.cat\/es\/mirolab-el-laboratorio-de-salud-funcional-y-longevidad-del-cem-joan-miro\/#primaryimage"},"thumbnailUrl":"https:\/\/www.cejoanmiro.cat\/wp-content\/uploads\/2026\/03\/MiroLAB.webp","articleSection":["Comunidad"],"inLanguage":"es"},{"@type":"WebPage","@id":"https:\/\/www.cejoanmiro.cat\/es\/mirolab-el-laboratorio-de-salud-funcional-y-longevidad-del-cem-joan-miro\/","url":"https:\/\/www.cejoanmiro.cat\/es\/mirolab-el-laboratorio-de-salud-funcional-y-longevidad-del-cem-joan-miro\/","name":"MIR\u00d3LAB: el laboratorio de salud funcional y longevidad del CEM Joan Mir\u00f3 - CEM Joan Mir\u00f3","isPartOf":{"@id":"https:\/\/www.cejoanmiro.cat\/es\/#website"},"primaryImageOfPage":{"@id":"https:\/\/www.cejoanmiro.cat\/es\/mirolab-el-laboratorio-de-salud-funcional-y-longevidad-del-cem-joan-miro\/#primaryimage"},"image":{"@id":"https:\/\/www.cejoanmiro.cat\/es\/mirolab-el-laboratorio-de-salud-funcional-y-longevidad-del-cem-joan-miro\/#primaryimage"},"thumbnailUrl":"https:\/\/www.cejoanmiro.cat\/wp-content\/uploads\/2026\/03\/MiroLAB.webp","datePublished":"2026-03-23T13:28:13+00:00","description":"MIR\u00d3LAB, el nuevo laboratorio de salud funcional y longevidad del CEM Joan Mir\u00f3: entrenamiento personalizado basado en datos, tecnolog\u00eda y ciencia aplicada","breadcrumb":{"@id":"https:\/\/www.cejoanmiro.cat\/es\/mirolab-el-laboratorio-de-salud-funcional-y-longevidad-del-cem-joan-miro\/#breadcrumb"},"inLanguage":"es","potentialAction":[{"@type":"ReadAction","target":["https:\/\/www.cejoanmiro.cat\/es\/mirolab-el-laboratorio-de-salud-funcional-y-longevidad-del-cem-joan-miro\/"]}]},{"@type":"ImageObject","inLanguage":"es","@id":"https:\/\/www.cejoanmiro.cat\/es\/mirolab-el-laboratorio-de-salud-funcional-y-longevidad-del-cem-joan-miro\/#primaryimage","url":"https:\/\/www.cejoanmiro.cat\/wp-content\/uploads\/2026\/03\/MiroLAB.webp","contentUrl":"https:\/\/www.cejoanmiro.cat\/wp-content\/uploads\/2026\/03\/MiroLAB.webp","width":800,"height":950,"caption":"Mirolab"},{"@type":"BreadcrumbList","@id":"https:\/\/www.cejoanmiro.cat\/es\/mirolab-el-laboratorio-de-salud-funcional-y-longevidad-del-cem-joan-miro\/#breadcrumb","itemListElement":[{"@type":"ListItem","position":1,"name":"Inici","item":"https:\/\/www.cejoanmiro.cat\/es\/home-3\/"},{"@type":"ListItem","position":2,"name":"MIR\u00d3LAB: el laboratorio de salud funcional y longevidad del CEM Joan Mir\u00f3"}]},{"@type":"WebSite","@id":"https:\/\/www.cejoanmiro.cat\/es\/#website","url":"https:\/\/www.cejoanmiro.cat\/es\/","name":"CEM Joan Mir\u00f3","description":"El teu gimn\u00e0s a Barcelona","publisher":{"@id":"https:\/\/www.cejoanmiro.cat\/es\/#organization"},"potentialAction":[{"@type":"SearchAction","target":{"@type":"EntryPoint","urlTemplate":"https:\/\/www.cejoanmiro.cat\/es\/?s={search_term_string}"},"query-input":{"@type":"PropertyValueSpecification","valueRequired":true,"valueName":"search_term_string"}}],"inLanguage":"es"},{"@type":"Organization","@id":"https:\/\/www.cejoanmiro.cat\/es\/#organization","name":"CEM Joan Mir\u00f3","url":"https:\/\/www.cejoanmiro.cat\/es\/","logo":{"@type":"ImageObject","inLanguage":"es","@id":"https:\/\/www.cejoanmiro.cat\/es\/#\/schema\/logo\/image\/","url":"https:\/\/www.cejoanmiro.cat\/wp-content\/uploads\/2021\/09\/Icono_cemJoanMiro.png","contentUrl":"https:\/\/www.cejoanmiro.cat\/wp-content\/uploads\/2021\/09\/Icono_cemJoanMiro.png","width":512,"height":512,"caption":"CEM Joan Mir\u00f3"},"image":{"@id":"https:\/\/www.cejoanmiro.cat\/es\/#\/schema\/logo\/image\/"},"sameAs":["https:\/\/facebook.com\/cejoanmiro","https:\/\/x.com\/cejoanmiro","https:\/\/www.instagram.com\/cemjoanmiro\/"]},{"@type":"Person","@id":"https:\/\/www.cejoanmiro.cat\/es\/#\/schema\/person\/74cab1ad502c650231539ce764399ac3","name":"Ramon Sanchez","image":{"@type":"ImageObject","inLanguage":"es","@id":"https:\/\/www.cejoanmiro.cat\/es\/#\/schema\/person\/image\/","url":"https:\/\/www.cejoanmiro.cat\/wp-content\/litespeed\/avatar\/98b68ae003526c998c0e6556bf127d1e.jpg?ver=1777323608","contentUrl":"https:\/\/www.cejoanmiro.cat\/wp-content\/litespeed\/avatar\/98b68ae003526c998c0e6556bf127d1e.jpg?ver=1777323608","caption":"Ramon Sanchez"},"url":"https:\/\/www.cejoanmiro.cat\/es\/author\/ramon\/"}]}},"_links":{"self":[{"href":"https:\/\/www.cejoanmiro.cat\/es\/wp-json\/wp\/v2\/posts\/19673","targetHints":{"allow":["GET"]}}],"collection":[{"href":"https:\/\/www.cejoanmiro.cat\/es\/wp-json\/wp\/v2\/posts"}],"about":[{"href":"https:\/\/www.cejoanmiro.cat\/es\/wp-json\/wp\/v2\/types\/post"}],"author":[{"embeddable":true,"href":"https:\/\/www.cejoanmiro.cat\/es\/wp-json\/wp\/v2\/users\/7"}],"replies":[{"embeddable":true,"href":"https:\/\/www.cejoanmiro.cat\/es\/wp-json\/wp\/v2\/comments?post=19673"}],"version-history":[{"count":0,"href":"https:\/\/www.cejoanmiro.cat\/es\/wp-json\/wp\/v2\/posts\/19673\/revisions"}],"wp:featuredmedia":[{"embeddable":true,"href":"https:\/\/www.cejoanmiro.cat\/es\/wp-json\/wp\/v2\/media\/19670"}],"wp:attachment":[{"href":"https:\/\/www.cejoanmiro.cat\/es\/wp-json\/wp\/v2\/media?parent=19673"}],"wp:term":[{"taxonomy":"category","embeddable":true,"href":"https:\/\/www.cejoanmiro.cat\/es\/wp-json\/wp\/v2\/categories?post=19673"},{"taxonomy":"post_tag","embeddable":true,"href":"https:\/\/www.cejoanmiro.cat\/es\/wp-json\/wp\/v2\/tags?post=19673"}],"curies":[{"name":"wp","href":"https:\/\/api.w.org\/{rel}","templated":true}]}}